{"id":4675,"date":"2026-04-28T10:55:22","date_gmt":"2026-04-28T10:55:22","guid":{"rendered":"https:\/\/www.zingprogramme.com\/?p=4675"},"modified":"2026-04-28T10:55:22","modified_gmt":"2026-04-28T10:55:22","slug":"joventut-en-situacio-de-vulnerabilitat-i-el-pas-a-la-vida-adulta-la-labor-clau-de-leducador-social","status":"publish","type":"post","link":"https:\/\/www.zingprogramme.com\/ca\/2026\/04\/28\/joventut-en-situacio-de-vulnerabilitat-i-el-pas-a-la-vida-adulta-la-labor-clau-de-leducador-social\/","title":{"rendered":"Joventut en situaci\u00f3 de vulnerabilitat i el pas a la vida adulta: la labor clau de l&#8217;educador social"},"content":{"rendered":"<div class=\"wpb-content-wrapper\"><p>[vc_row][vc_column width=&#8221;1\/1&#8243;][vc_column_text uncode_shortcode_id=&#8221;198123&#8243;]<span style=\"color: #ffffff\">La transici\u00f3 des de la joventut cap a l&#8217;edat adulta representa una etapa especialment delicada del desenvolupament personal.<\/span><\/p>\n<p><span style=\"color: #ffffff\">Aquest proc\u00e9s resulta encara m\u00e9s complex per a aquelles persones joves que han crescut en entorns de vulnerabilitat social o que no compten amb una xarxa familiar estable que els proporcioni suport emocional i material.<\/span><\/p>\n<p><span style=\"color: #ffffff\">En el context espanyol, aquest tr\u00e0nsit est\u00e0 condicionat per nombrosos factors estructurals, institucionals i personals, la qual cosa fa imprescindible la intervenci\u00f3 de professionals especialitzats i organitzacions socials. En aquest escenari, les educadores i educadors socials, juntament amb les entitats del Tercer Sector, exerceixen una funci\u00f3 essencial per a promoure la inclusi\u00f3 social, l&#8217;autonomia i la participaci\u00f3 activa d&#8217;aquests joves, especialment quan les seves traject\u00f2ries vitals han estat marcades per la precarietat.<\/span><\/p>\n<h3><span style=\"color: #ffffff\">Vulnerabilitat social en el tr\u00e0nsit a l&#8217;edat adulta<\/span><\/h3>\n<p>&nbsp;<\/p>\n<div class=\"traductor-textarea form-group\">\n<div class=\"textarea-desti col-xs-12 col-sm-6\">\n<div class=\"form-control second-textarea\"><span style=\"color: #ffffff\">Dins dels col\u00b7lectius m\u00e9s exposats a situacions d&#8217;exclusi\u00f3 es troben els i les joves que han passat pel sistema de protecci\u00f3 a la inf\u00e0ncia, tant durant la tutela com despr\u00e9s de la seva sortida. D&#8217;acord amb estudis recents (\u00a0<a class=\"cursor-init\" style=\"color: #ffffff\" href=\"https:\/\/cms.aldeasinfantiles.es\/uploads\/2025\/10\/informe-aldeas-infantiles-condiciones-vida-sistema-protecion-2025.pdf\"><i>Condiciones de vida tras salir del sistema de protecci\u00f3n en Espa\u00f1a)<\/i><\/a>, prop d&#8217;un 40% d&#8217;aquests joves se situen en risc de pobresa o exclusi\u00f3 social, una xifra considerablement superior a la mitjana de la poblaci\u00f3 general. Cada any, milers de persones aconsegueixen la majoria d&#8217;edat i han d&#8217;abandonar el sistema d&#8217;acolliment sense comptar amb una xarxa familiar s\u00f2lida, ingressos estables ni referents afectius duradors.<\/span><\/div>\n<p>&nbsp;<\/p>\n<\/div>\n<p>&nbsp;<\/p>\n<\/div>\n<p><span style=\"color: #ffffff\">Aquesta realitat posa en relleu una paradoxa significativa: mentre que l&#8217;edat mitjana d&#8217;emancipaci\u00f3 a Espanya se situa al voltant dels 30 anys, els joves extutelats es veuen for\u00e7ats a assumir una independ\u00e8ncia plena als 18. Aquesta situaci\u00f3 incrementa de manera notable la seva vulnerabilitat econ\u00f2mica, social i emocional, dificultant la finalitzaci\u00f3 dels seus estudis, l&#8217;acc\u00e9s a l&#8217;ocupaci\u00f3 estable i la construcci\u00f3 d&#8217;un projecte de vida viable.<\/span><\/p>\n<p><span style=\"color: #ffffff\">Altres informes (<a class=\"cursor-init\" style=\"color: #ffffff\" href=\"https:\/\/www.eapn.es\/ARCHIVO\/documentos\/noticias\/1600432877_cr_bolet_vuln_n19_interactivo.pdf\"><i>Personas J\u00f3venes en extutela y\/o en riesgo social<\/i><\/a>) assenyalen mancances afegides, com la falta de cobertura sanit\u00e0ria, la pres\u00e8ncia de problemes de salut o discapacitat i l&#8217;abs\u00e8ncia de vincles afectius de suport. Tot aix\u00f2 evidencia la necessitat d&#8217;intervencions socioeducatives espec\u00edfiques, continuades en el temps i enfocades no sols en l&#8217;atenci\u00f3 immediata, sin\u00f3 tamb\u00e9 en l&#8217;acompanyament estructurat cap a la vida adulta.<\/span><\/p>\n<p><span style=\"color: #ffffff\">A aquesta realitat se sumen altres perfils juvenils que comparteixen condicions similars de desprotecci\u00f3, com els joves migrants no acompanyats en aconseguir la majoria d&#8217;edat o persones amb traject\u00f2ries pr\u00e8vies d&#8217;exclusi\u00f3 social, pobresa o aband\u00f3. M\u00e9s enll\u00e0 de les dificultats d&#8217;acc\u00e9s a habitatge o ocupaci\u00f3, aquests joves arrosseguen sovint una fragilitat emocional derivada de l&#8217;abs\u00e8ncia de xarxes de suport, la qual cosa intensifica la seva situaci\u00f3 de risc.<\/span><\/p>\n<h3><span style=\"color: #ffffff\">El valor de l&#8217;acompanyament socioeducatiu<\/span><\/h3>\n<p><span style=\"color: #ffffff\">La figura de l&#8217;educador o educadora social especialitzada en intervenci\u00f3 socioeducativa treballa amb l&#8217;objectiu d&#8217;afavorir el benestar, l&#8217;autonomia i la inclusi\u00f3 de persones i col\u00b7lectius vulnerables. En el context de la transici\u00f3 a la vida adulta, la seva intervenci\u00f3 adquireix un valor estrat\u00e8gic per diversos motius.<\/span><\/p>\n<p><span style=\"color: #ffffff\"><strong>Acompanyament individualitzat i integral<\/strong><\/span><br \/>\n<span style=\"color: #ffffff\">La intervenci\u00f3 socioeducativa va molt m\u00e9s all\u00e0 de facilitar recursos o informaci\u00f3. Es basa en un acompanyament continu i personalitzat, adaptat a les capacitats, interessos i necessitats de cada jove. Aix\u00f2 implica suport en l&#8217;organitzaci\u00f3 de la vida quotidiana, el desenvolupament d&#8217;habilitats per a l&#8217;autonomia (gesti\u00f3 econ\u00f2mica, habitatge, relacions personals), orientaci\u00f3 acad\u00e8mica o formativa i acompanyament en la inserci\u00f3 laboral i la consolidaci\u00f3 de traject\u00f2ries professionals.<\/span><\/p>\n<p><span style=\"color: #ffffff\"><strong>Creaci\u00f3 i enfortiment de xarxes de suport<\/strong><\/span><br \/>\n<span style=\"color: #ffffff\">Molts joves en situaci\u00f3 d&#8217;exclusi\u00f3 manquen de relacions estables que els proporcionin seguretat emocional o referents adults. En aquest sentit, l&#8217;educadora social actua com a nexe entre la persona jove i el seu entorn comunitari, facilitant l&#8217;acc\u00e9s a recursos, serveis i espais de relaci\u00f3 que contribueixin a sostenir el seu proc\u00e9s d&#8217;inclusi\u00f3.<\/span><\/p>\n<p><span style=\"color: #ffffff\"><strong>Suport emocional i desenvolupament de la resili\u00e8ncia<\/strong><\/span><br \/>\n<span style=\"color: #ffffff\">El proc\u00e9s d&#8217;emancipaci\u00f3 sol anar acompanyat d&#8217;incertesa, estr\u00e8s i ansietat, especialment en abs\u00e8ncia de suports s\u00f2lids. Comptar amb un professional que escolti, orient i acompanyi a refor\u00e7ar l&#8217;autoestima i la confian\u00e7a personal actua com un important factor de protecci\u00f3 en la construcci\u00f3 de projectes vitals estables i sostenibles.<\/span><\/p>\n<h3><span style=\"color: #ffffff\">L&#8217;aportaci\u00f3 de les entitats del Tercer Sector<\/span><\/h3>\n<p><span style=\"color: #ffffff\">Les organitzacions del Tercer Sector social exerceixen un paper complementari i fonamental respecte als recursos p\u00fablics. Fundacions, associacions i entitats sense \u00e0nim de lucre ofereixen recursos residencials, programes d&#8217;acompanyament integral orientats a l&#8217;autonomia i la inclusi\u00f3 social, aix\u00ed com iniciatives d&#8217;inserci\u00f3 educativa i laboral que faciliten la transici\u00f3 entre la formaci\u00f3 i l&#8217;ocupaci\u00f3. Aix\u00ed mateix, desenvolupen projectes comunitaris que afavoreixen la creaci\u00f3 de xarxes de suport m\u00e9s enll\u00e0 de la intervenci\u00f3 institucional.<\/span><\/p>\n<h3><span style=\"color: #ffffff\">El valor diferencial de la intervenci\u00f3 socioeducativa<\/span><\/h3>\n<p><span style=\"color: #ffffff\">El treball dels educadors socials i les seves organitzacions no es limita a la gesti\u00f3 de recursos. La seva principal aportaci\u00f3 resideix en la capacitat de generar vincles significatius amb els joves, comprendre els seus contextos vitals i activar suports tant formals com informals que potenci\u00efn les seves capacitats i traject\u00f2ries personals.<\/span><\/p>\n<p><span style=\"color: #ffffff\">Entre les principals pr\u00e0ctiques socioeducatives destaquen:<\/span><\/p>\n<ul>\n<li><span style=\"color: #ffffff\">L&#8217;acompanyament individual i grupal mitjan\u00e7ant escolta activa, planificaci\u00f3 de projectes de vida i seguiment d&#8217;objectius.<\/span><\/li>\n<li><span style=\"color: #ffffff\">L&#8217;orientaci\u00f3 educativa i laboral, amb suport en l&#8217;elaboraci\u00f3 de curr\u00edculums, la cerca d&#8217;ocupaci\u00f3 i l&#8217;acc\u00e9s a formaci\u00f3 cont\u00ednua.<\/span><\/li>\n<li><span style=\"color: #ffffff\">El desenvolupament de compet\u00e8ncies clau per a la vida adulta, com la gesti\u00f3 del temps, l&#8217;economia personal, les habilitats socials i la resoluci\u00f3 de conflictes.<\/span><\/li>\n<li><span style=\"color: #ffffff\">El treball en xarxa amb l&#8217;entorn comunitari, connectant als joves amb recursos locals, entitats socials i oportunitats de participaci\u00f3.<\/span><\/li>\n<\/ul>\n<p><span style=\"color: #ffffff\">Aquestes intervencions actuen com un pont imprescindible entre experi\u00e8ncies pr\u00e8vies de vulnerabilitat i un futur marcat per una major autonomia.<\/span><\/p>\n<h3><span style=\"color: #ffffff\">Cap a un model d&#8217;intervenci\u00f3 integral i sostinguda<\/span><\/h3>\n<p><span style=\"color: #ffffff\">L&#8217;acompanyament a joves en situaci\u00f3 de vulnerabilitat durant la seva transici\u00f3 a la vida adulta no pot entendre&#8217;s com una actuaci\u00f3 puntual ni limitada al moment en qu\u00e8 aconsegueixen la majoria d&#8217;edat. L&#8217;experi\u00e8ncia demostra que els processos m\u00e9s efica\u00e7os s\u00f3n aquells que es mantenen en el temps, s&#8217;adapten al ritme individual de cada jove i combinen suports materials amb un vincle educatiu s\u00f2lid i de confian\u00e7a.<\/span><\/p>\n<p><span style=\"color: #ffffff\">Les entitats del Tercer Sector aporten un valor afegit en crear entorns segurs i flexibles on aquests processos poden desenvolupar-se. En la pr\u00e0ctica, aix\u00f2 implica itineraris en els quals l&#8217;educadora social acompanya a la persona jove m\u00e9s enll\u00e0 de la resposta immediata a una necessitat concreta. No es tracta nom\u00e9s de facilitar un habitatge temporal, sin\u00f3 de treballar de manera paral\u00b7lela aspectes com la gesti\u00f3 econ\u00f2mica, la conviv\u00e8ncia, la presa de decisions i la definici\u00f3 d&#8217;un projecte vital realista.<\/span><\/p>\n<p><span style=\"color: #ffffff\">D&#8217;igual mode, l&#8217;acc\u00e9s a la primera ocupaci\u00f3 sol requerir un seguiment pr\u00f2xim que ajudi a afrontar frustracions, conflictes laborals o possibles abandons, evitant que experi\u00e8ncies negatives reforcin din\u00e0miques d&#8217;exclusi\u00f3. Gr\u00e0cies al seu enfocament relacional i educatiu, els educadors socials es converteixen en referents adults estables en moments clau del desenvolupament vital.<\/span><\/p>\n<p><span style=\"color: #ffffff\">En definitiva, la col\u00b7laboraci\u00f3 entre professionals de l&#8217;educaci\u00f3 social i organitzacions especialitzades no sols compensa mancances del sistema, sin\u00f3 que genera oportunitats reals d&#8217;inclusi\u00f3. Apostar per un model d&#8217;intervenci\u00f3 integral i sostinguda suposa recon\u00e8ixer que el pas a la vida adulta \u00e9s un proc\u00e9s progressiu que requereix temps, confian\u00e7a i acompanyament. Nom\u00e9s aix\u00ed ser\u00e0 possible garantir que aquests joves puguin construir projectes de vida dignes, aut\u00f2noms i plenament integrats en la societat.<\/span>[\/vc_column_text][\/vc_column][\/vc_row]<\/p>\n<\/div>","protected":false},"excerpt":{"rendered":"<p>La transici\u00f3 des de la joventut cap a l&#8217;edat adulta representa una etapa especialment delicada del desenvolupament personal. [&hellip;]<\/p>\n","protected":false},"author":2,"featured_media":4677,"comment_status":"open","ping_status":"open","sticky":false,"template":"","format":"standard","meta":{"footnotes":""},"categories":[2],"tags":[178,88,22,179,19,20],"class_list":["post-4675","post","type-post","status-publish","format-standard","has-post-thumbnail","hentry","category-sense-categoria","tag-estudiar-ca","tag-formacio","tag-joves","tag-oportunitats","tag-zing-ca","tag-zing-programme-ca"],"yoast_head":"<!-- This site is optimized with the Yoast SEO plugin v27.4 - https:\/\/yoast.com\/product\/yoast-seo-wordpress\/ -->\n<title>Joventut en situaci\u00f3 de vulnerabilitat i el pas a la vida adulta: la labor clau de l&#039;educador social - Zing Programme<\/title>\n<meta name=\"description\" content=\"La transici\u00f3 des de la joventut cap a l&#039;edat adulta representa una etapa especialment delicada del desenvolupament personal.\" \/>\n<meta name=\"robots\" content=\"index, follow, max-snippet:-1, max-image-preview:large, max-video-preview:-1\" \/>\n<link rel=\"canonical\" href=\"https:\/\/www.zingprogramme.com\/ca\/2026\/04\/28\/joventut-en-situacio-de-vulnerabilitat-i-el-pas-a-la-vida-adulta-la-labor-clau-de-leducador-social\/\" \/>\n<meta property=\"og:locale\" content=\"ca_ES\" \/>\n<meta property=\"og:type\" content=\"article\" \/>\n<meta property=\"og:title\" content=\"Joventut en situaci\u00f3 de vulnerabilitat i el pas a la vida adulta: la labor clau de l&#039;educador social - Zing Programme\" \/>\n<meta property=\"og:description\" content=\"La transici\u00f3 des de la joventut cap a l&#039;edat adulta representa una etapa especialment delicada del desenvolupament personal.\" \/>\n<meta property=\"og:url\" content=\"https:\/\/www.zingprogramme.com\/ca\/2026\/04\/28\/joventut-en-situacio-de-vulnerabilitat-i-el-pas-a-la-vida-adulta-la-labor-clau-de-leducador-social\/\" \/>\n<meta property=\"og:site_name\" content=\"Zing Programme\" \/>\n<meta property=\"article:published_time\" content=\"2026-04-28T10:55:22+00:00\" \/>\n<meta property=\"og:image\" content=\"https:\/\/www.zingprogramme.com\/wp-content\/uploads\/sites\/2\/2026\/04\/MCH_5812-scaled.jpg\" \/>\n\t<meta property=\"og:image:width\" content=\"2560\" \/>\n\t<meta property=\"og:image:height\" content=\"1703\" \/>\n\t<meta property=\"og:image:type\" content=\"image\/jpeg\" \/>\n<meta name=\"author\" content=\"Nous Cims\" \/>\n<meta name=\"twitter:card\" content=\"summary_large_image\" \/>\n<meta name=\"twitter:label1\" content=\"Escrit per\" \/>\n\t<meta name=\"twitter:data1\" content=\"Nous Cims\" \/>\n\t<meta name=\"twitter:label2\" content=\"Temps estimat de lectura\" \/>\n\t<meta name=\"twitter:data2\" content=\"6 minuts\" \/>\n<script type=\"application\/ld+json\" class=\"yoast-schema-graph\">{\"@context\":\"https:\\\/\\\/schema.org\",\"@graph\":[{\"@type\":\"Article\",\"@id\":\"https:\\\/\\\/www.zingprogramme.com\\\/ca\\\/2026\\\/04\\\/28\\\/joventut-en-situacio-de-vulnerabilitat-i-el-pas-a-la-vida-adulta-la-labor-clau-de-leducador-social\\\/#article\",\"isPartOf\":{\"@id\":\"https:\\\/\\\/www.zingprogramme.com\\\/ca\\\/2026\\\/04\\\/28\\\/joventut-en-situacio-de-vulnerabilitat-i-el-pas-a-la-vida-adulta-la-labor-clau-de-leducador-social\\\/\"},\"author\":{\"name\":\"Nous Cims\",\"@id\":\"https:\\\/\\\/www.zingprogramme.com\\\/ca\\\/#\\\/schema\\\/person\\\/c49be7fd7667a36f1b39c1c5a2becf99\"},\"headline\":\"Joventut en situaci\u00f3 de vulnerabilitat i el pas a la vida adulta: la labor clau de l&#8217;educador social\",\"datePublished\":\"2026-04-28T10:55:22+00:00\",\"mainEntityOfPage\":{\"@id\":\"https:\\\/\\\/www.zingprogramme.com\\\/ca\\\/2026\\\/04\\\/28\\\/joventut-en-situacio-de-vulnerabilitat-i-el-pas-a-la-vida-adulta-la-labor-clau-de-leducador-social\\\/\"},\"wordCount\":1364,\"commentCount\":0,\"image\":{\"@id\":\"https:\\\/\\\/www.zingprogramme.com\\\/ca\\\/2026\\\/04\\\/28\\\/joventut-en-situacio-de-vulnerabilitat-i-el-pas-a-la-vida-adulta-la-labor-clau-de-leducador-social\\\/#primaryimage\"},\"thumbnailUrl\":\"https:\\\/\\\/www.zingprogramme.com\\\/wp-content\\\/uploads\\\/sites\\\/2\\\/2026\\\/04\\\/MCH_5812-scaled.jpg\",\"keywords\":[\"estudiar\",\"Formaci\u00f3\",\"Joves\",\"oportunitats\",\"Zing\",\"Zing Programme\"],\"inLanguage\":\"ca\",\"potentialAction\":[{\"@type\":\"CommentAction\",\"name\":\"Comment\",\"target\":[\"https:\\\/\\\/www.zingprogramme.com\\\/ca\\\/2026\\\/04\\\/28\\\/joventut-en-situacio-de-vulnerabilitat-i-el-pas-a-la-vida-adulta-la-labor-clau-de-leducador-social\\\/#respond\"]}]},{\"@type\":\"WebPage\",\"@id\":\"https:\\\/\\\/www.zingprogramme.com\\\/ca\\\/2026\\\/04\\\/28\\\/joventut-en-situacio-de-vulnerabilitat-i-el-pas-a-la-vida-adulta-la-labor-clau-de-leducador-social\\\/\",\"url\":\"https:\\\/\\\/www.zingprogramme.com\\\/ca\\\/2026\\\/04\\\/28\\\/joventut-en-situacio-de-vulnerabilitat-i-el-pas-a-la-vida-adulta-la-labor-clau-de-leducador-social\\\/\",\"name\":\"Joventut en situaci\u00f3 de vulnerabilitat i el pas a la vida adulta: la labor clau de l'educador social - Zing Programme\",\"isPartOf\":{\"@id\":\"https:\\\/\\\/www.zingprogramme.com\\\/ca\\\/#website\"},\"primaryImageOfPage\":{\"@id\":\"https:\\\/\\\/www.zingprogramme.com\\\/ca\\\/2026\\\/04\\\/28\\\/joventut-en-situacio-de-vulnerabilitat-i-el-pas-a-la-vida-adulta-la-labor-clau-de-leducador-social\\\/#primaryimage\"},\"image\":{\"@id\":\"https:\\\/\\\/www.zingprogramme.com\\\/ca\\\/2026\\\/04\\\/28\\\/joventut-en-situacio-de-vulnerabilitat-i-el-pas-a-la-vida-adulta-la-labor-clau-de-leducador-social\\\/#primaryimage\"},\"thumbnailUrl\":\"https:\\\/\\\/www.zingprogramme.com\\\/wp-content\\\/uploads\\\/sites\\\/2\\\/2026\\\/04\\\/MCH_5812-scaled.jpg\",\"datePublished\":\"2026-04-28T10:55:22+00:00\",\"author\":{\"@id\":\"https:\\\/\\\/www.zingprogramme.com\\\/ca\\\/#\\\/schema\\\/person\\\/c49be7fd7667a36f1b39c1c5a2becf99\"},\"description\":\"La transici\u00f3 des de la joventut cap a l'edat adulta representa una etapa especialment delicada del desenvolupament personal.\",\"breadcrumb\":{\"@id\":\"https:\\\/\\\/www.zingprogramme.com\\\/ca\\\/2026\\\/04\\\/28\\\/joventut-en-situacio-de-vulnerabilitat-i-el-pas-a-la-vida-adulta-la-labor-clau-de-leducador-social\\\/#breadcrumb\"},\"inLanguage\":\"ca\",\"potentialAction\":[{\"@type\":\"ReadAction\",\"target\":[\"https:\\\/\\\/www.zingprogramme.com\\\/ca\\\/2026\\\/04\\\/28\\\/joventut-en-situacio-de-vulnerabilitat-i-el-pas-a-la-vida-adulta-la-labor-clau-de-leducador-social\\\/\"]}]},{\"@type\":\"ImageObject\",\"inLanguage\":\"ca\",\"@id\":\"https:\\\/\\\/www.zingprogramme.com\\\/ca\\\/2026\\\/04\\\/28\\\/joventut-en-situacio-de-vulnerabilitat-i-el-pas-a-la-vida-adulta-la-labor-clau-de-leducador-social\\\/#primaryimage\",\"url\":\"https:\\\/\\\/www.zingprogramme.com\\\/wp-content\\\/uploads\\\/sites\\\/2\\\/2026\\\/04\\\/MCH_5812-scaled.jpg\",\"contentUrl\":\"https:\\\/\\\/www.zingprogramme.com\\\/wp-content\\\/uploads\\\/sites\\\/2\\\/2026\\\/04\\\/MCH_5812-scaled.jpg\",\"width\":2560,\"height\":1703},{\"@type\":\"BreadcrumbList\",\"@id\":\"https:\\\/\\\/www.zingprogramme.com\\\/ca\\\/2026\\\/04\\\/28\\\/joventut-en-situacio-de-vulnerabilitat-i-el-pas-a-la-vida-adulta-la-labor-clau-de-leducador-social\\\/#breadcrumb\",\"itemListElement\":[{\"@type\":\"ListItem\",\"position\":1,\"name\":\"Portada\",\"item\":\"https:\\\/\\\/www.zingprogramme.com\\\/ca\\\/\"},{\"@type\":\"ListItem\",\"position\":2,\"name\":\"Joventut en situaci\u00f3 de vulnerabilitat i el pas a la vida adulta: la labor clau de l&#8217;educador social\"}]},{\"@type\":\"WebSite\",\"@id\":\"https:\\\/\\\/www.zingprogramme.com\\\/ca\\\/#website\",\"url\":\"https:\\\/\\\/www.zingprogramme.com\\\/ca\\\/\",\"name\":\"Zing Programme\",\"description\":\"Nuestro objetivo: conseguir una inserci\u00f3n laboral de calidad de los j\u00f3venes\",\"potentialAction\":[{\"@type\":\"SearchAction\",\"target\":{\"@type\":\"EntryPoint\",\"urlTemplate\":\"https:\\\/\\\/www.zingprogramme.com\\\/ca\\\/?s={search_term_string}\"},\"query-input\":{\"@type\":\"PropertyValueSpecification\",\"valueRequired\":true,\"valueName\":\"search_term_string\"}}],\"inLanguage\":\"ca\"},{\"@type\":\"Person\",\"@id\":\"https:\\\/\\\/www.zingprogramme.com\\\/ca\\\/#\\\/schema\\\/person\\\/c49be7fd7667a36f1b39c1c5a2becf99\",\"name\":\"Nous Cims\",\"image\":{\"@type\":\"ImageObject\",\"inLanguage\":\"ca\",\"@id\":\"https:\\\/\\\/secure.gravatar.com\\\/avatar\\\/1dd42f1cafb4dfa67ddb690263b49eb6dd0b847386b5e1ee729643a318a2de73?s=96&d=mm&r=g\",\"url\":\"https:\\\/\\\/secure.gravatar.com\\\/avatar\\\/1dd42f1cafb4dfa67ddb690263b49eb6dd0b847386b5e1ee729643a318a2de73?s=96&d=mm&r=g\",\"contentUrl\":\"https:\\\/\\\/secure.gravatar.com\\\/avatar\\\/1dd42f1cafb4dfa67ddb690263b49eb6dd0b847386b5e1ee729643a318a2de73?s=96&d=mm&r=g\",\"caption\":\"Nous Cims\"},\"url\":\"https:\\\/\\\/www.zingprogramme.com\\\/ca\\\/author\\\/edelcampo\\\/\"}]}<\/script>\n<!-- \/ Yoast SEO plugin. -->","yoast_head_json":{"title":"Joventut en situaci\u00f3 de vulnerabilitat i el pas a la vida adulta: la labor clau de l'educador social - Zing Programme","description":"La transici\u00f3 des de la joventut cap a l'edat adulta representa una etapa especialment delicada del desenvolupament personal.","robots":{"index":"index","follow":"follow","max-snippet":"max-snippet:-1","max-image-preview":"max-image-preview:large","max-video-preview":"max-video-preview:-1"},"canonical":"https:\/\/www.zingprogramme.com\/ca\/2026\/04\/28\/joventut-en-situacio-de-vulnerabilitat-i-el-pas-a-la-vida-adulta-la-labor-clau-de-leducador-social\/","og_locale":"ca_ES","og_type":"article","og_title":"Joventut en situaci\u00f3 de vulnerabilitat i el pas a la vida adulta: la labor clau de l'educador social - Zing Programme","og_description":"La transici\u00f3 des de la joventut cap a l'edat adulta representa una etapa especialment delicada del desenvolupament personal.","og_url":"https:\/\/www.zingprogramme.com\/ca\/2026\/04\/28\/joventut-en-situacio-de-vulnerabilitat-i-el-pas-a-la-vida-adulta-la-labor-clau-de-leducador-social\/","og_site_name":"Zing Programme","article_published_time":"2026-04-28T10:55:22+00:00","og_image":[{"width":2560,"height":1703,"url":"https:\/\/www.zingprogramme.com\/wp-content\/uploads\/sites\/2\/2026\/04\/MCH_5812-scaled.jpg","type":"image\/jpeg"}],"author":"Nous Cims","twitter_card":"summary_large_image","twitter_misc":{"Escrit per":"Nous Cims","Temps estimat de lectura":"6 minuts"},"schema":{"@context":"https:\/\/schema.org","@graph":[{"@type":"Article","@id":"https:\/\/www.zingprogramme.com\/ca\/2026\/04\/28\/joventut-en-situacio-de-vulnerabilitat-i-el-pas-a-la-vida-adulta-la-labor-clau-de-leducador-social\/#article","isPartOf":{"@id":"https:\/\/www.zingprogramme.com\/ca\/2026\/04\/28\/joventut-en-situacio-de-vulnerabilitat-i-el-pas-a-la-vida-adulta-la-labor-clau-de-leducador-social\/"},"author":{"name":"Nous Cims","@id":"https:\/\/www.zingprogramme.com\/ca\/#\/schema\/person\/c49be7fd7667a36f1b39c1c5a2becf99"},"headline":"Joventut en situaci\u00f3 de vulnerabilitat i el pas a la vida adulta: la labor clau de l&#8217;educador social","datePublished":"2026-04-28T10:55:22+00:00","mainEntityOfPage":{"@id":"https:\/\/www.zingprogramme.com\/ca\/2026\/04\/28\/joventut-en-situacio-de-vulnerabilitat-i-el-pas-a-la-vida-adulta-la-labor-clau-de-leducador-social\/"},"wordCount":1364,"commentCount":0,"image":{"@id":"https:\/\/www.zingprogramme.com\/ca\/2026\/04\/28\/joventut-en-situacio-de-vulnerabilitat-i-el-pas-a-la-vida-adulta-la-labor-clau-de-leducador-social\/#primaryimage"},"thumbnailUrl":"https:\/\/www.zingprogramme.com\/wp-content\/uploads\/sites\/2\/2026\/04\/MCH_5812-scaled.jpg","keywords":["estudiar","Formaci\u00f3","Joves","oportunitats","Zing","Zing Programme"],"inLanguage":"ca","potentialAction":[{"@type":"CommentAction","name":"Comment","target":["https:\/\/www.zingprogramme.com\/ca\/2026\/04\/28\/joventut-en-situacio-de-vulnerabilitat-i-el-pas-a-la-vida-adulta-la-labor-clau-de-leducador-social\/#respond"]}]},{"@type":"WebPage","@id":"https:\/\/www.zingprogramme.com\/ca\/2026\/04\/28\/joventut-en-situacio-de-vulnerabilitat-i-el-pas-a-la-vida-adulta-la-labor-clau-de-leducador-social\/","url":"https:\/\/www.zingprogramme.com\/ca\/2026\/04\/28\/joventut-en-situacio-de-vulnerabilitat-i-el-pas-a-la-vida-adulta-la-labor-clau-de-leducador-social\/","name":"Joventut en situaci\u00f3 de vulnerabilitat i el pas a la vida adulta: la labor clau de l'educador social - Zing Programme","isPartOf":{"@id":"https:\/\/www.zingprogramme.com\/ca\/#website"},"primaryImageOfPage":{"@id":"https:\/\/www.zingprogramme.com\/ca\/2026\/04\/28\/joventut-en-situacio-de-vulnerabilitat-i-el-pas-a-la-vida-adulta-la-labor-clau-de-leducador-social\/#primaryimage"},"image":{"@id":"https:\/\/www.zingprogramme.com\/ca\/2026\/04\/28\/joventut-en-situacio-de-vulnerabilitat-i-el-pas-a-la-vida-adulta-la-labor-clau-de-leducador-social\/#primaryimage"},"thumbnailUrl":"https:\/\/www.zingprogramme.com\/wp-content\/uploads\/sites\/2\/2026\/04\/MCH_5812-scaled.jpg","datePublished":"2026-04-28T10:55:22+00:00","author":{"@id":"https:\/\/www.zingprogramme.com\/ca\/#\/schema\/person\/c49be7fd7667a36f1b39c1c5a2becf99"},"description":"La transici\u00f3 des de la joventut cap a l'edat adulta representa una etapa especialment delicada del desenvolupament personal.","breadcrumb":{"@id":"https:\/\/www.zingprogramme.com\/ca\/2026\/04\/28\/joventut-en-situacio-de-vulnerabilitat-i-el-pas-a-la-vida-adulta-la-labor-clau-de-leducador-social\/#breadcrumb"},"inLanguage":"ca","potentialAction":[{"@type":"ReadAction","target":["https:\/\/www.zingprogramme.com\/ca\/2026\/04\/28\/joventut-en-situacio-de-vulnerabilitat-i-el-pas-a-la-vida-adulta-la-labor-clau-de-leducador-social\/"]}]},{"@type":"ImageObject","inLanguage":"ca","@id":"https:\/\/www.zingprogramme.com\/ca\/2026\/04\/28\/joventut-en-situacio-de-vulnerabilitat-i-el-pas-a-la-vida-adulta-la-labor-clau-de-leducador-social\/#primaryimage","url":"https:\/\/www.zingprogramme.com\/wp-content\/uploads\/sites\/2\/2026\/04\/MCH_5812-scaled.jpg","contentUrl":"https:\/\/www.zingprogramme.com\/wp-content\/uploads\/sites\/2\/2026\/04\/MCH_5812-scaled.jpg","width":2560,"height":1703},{"@type":"BreadcrumbList","@id":"https:\/\/www.zingprogramme.com\/ca\/2026\/04\/28\/joventut-en-situacio-de-vulnerabilitat-i-el-pas-a-la-vida-adulta-la-labor-clau-de-leducador-social\/#breadcrumb","itemListElement":[{"@type":"ListItem","position":1,"name":"Portada","item":"https:\/\/www.zingprogramme.com\/ca\/"},{"@type":"ListItem","position":2,"name":"Joventut en situaci\u00f3 de vulnerabilitat i el pas a la vida adulta: la labor clau de l&#8217;educador social"}]},{"@type":"WebSite","@id":"https:\/\/www.zingprogramme.com\/ca\/#website","url":"https:\/\/www.zingprogramme.com\/ca\/","name":"Zing Programme","description":"Nuestro objetivo: conseguir una inserci\u00f3n laboral de calidad de los j\u00f3venes","potentialAction":[{"@type":"SearchAction","target":{"@type":"EntryPoint","urlTemplate":"https:\/\/www.zingprogramme.com\/ca\/?s={search_term_string}"},"query-input":{"@type":"PropertyValueSpecification","valueRequired":true,"valueName":"search_term_string"}}],"inLanguage":"ca"},{"@type":"Person","@id":"https:\/\/www.zingprogramme.com\/ca\/#\/schema\/person\/c49be7fd7667a36f1b39c1c5a2becf99","name":"Nous Cims","image":{"@type":"ImageObject","inLanguage":"ca","@id":"https:\/\/secure.gravatar.com\/avatar\/1dd42f1cafb4dfa67ddb690263b49eb6dd0b847386b5e1ee729643a318a2de73?s=96&d=mm&r=g","url":"https:\/\/secure.gravatar.com\/avatar\/1dd42f1cafb4dfa67ddb690263b49eb6dd0b847386b5e1ee729643a318a2de73?s=96&d=mm&r=g","contentUrl":"https:\/\/secure.gravatar.com\/avatar\/1dd42f1cafb4dfa67ddb690263b49eb6dd0b847386b5e1ee729643a318a2de73?s=96&d=mm&r=g","caption":"Nous Cims"},"url":"https:\/\/www.zingprogramme.com\/ca\/author\/edelcampo\/"}]}},"_links":{"self":[{"href":"https:\/\/www.zingprogramme.com\/ca\/wp-json\/wp\/v2\/posts\/4675","targetHints":{"allow":["GET"]}}],"collection":[{"href":"https:\/\/www.zingprogramme.com\/ca\/wp-json\/wp\/v2\/posts"}],"about":[{"href":"https:\/\/www.zingprogramme.com\/ca\/wp-json\/wp\/v2\/types\/post"}],"author":[{"embeddable":true,"href":"https:\/\/www.zingprogramme.com\/ca\/wp-json\/wp\/v2\/users\/2"}],"replies":[{"embeddable":true,"href":"https:\/\/www.zingprogramme.com\/ca\/wp-json\/wp\/v2\/comments?post=4675"}],"version-history":[{"count":4,"href":"https:\/\/www.zingprogramme.com\/ca\/wp-json\/wp\/v2\/posts\/4675\/revisions"}],"predecessor-version":[{"id":4683,"href":"https:\/\/www.zingprogramme.com\/ca\/wp-json\/wp\/v2\/posts\/4675\/revisions\/4683"}],"wp:featuredmedia":[{"embeddable":true,"href":"https:\/\/www.zingprogramme.com\/ca\/wp-json\/wp\/v2\/media\/4677"}],"wp:attachment":[{"href":"https:\/\/www.zingprogramme.com\/ca\/wp-json\/wp\/v2\/media?parent=4675"}],"wp:term":[{"taxonomy":"category","embeddable":true,"href":"https:\/\/www.zingprogramme.com\/ca\/wp-json\/wp\/v2\/categories?post=4675"},{"taxonomy":"post_tag","embeddable":true,"href":"https:\/\/www.zingprogramme.com\/ca\/wp-json\/wp\/v2\/tags?post=4675"}],"curies":[{"name":"wp","href":"https:\/\/api.w.org\/{rel}","templated":true}]}}