{"id":4615,"date":"2025-07-31T11:57:02","date_gmt":"2025-07-31T11:57:02","guid":{"rendered":"https:\/\/www.zingprogramme.com\/?p=4615"},"modified":"2025-07-31T11:57:02","modified_gmt":"2025-07-31T11:57:02","slug":"acompanyar-a-les-persones-joves-des-de-la-pregunta-i-lescolta-activa","status":"publish","type":"post","link":"https:\/\/www.zingprogramme.com\/ca\/2025\/07\/31\/acompanyar-a-les-persones-joves-des-de-la-pregunta-i-lescolta-activa\/","title":{"rendered":"Acompanyar a les persones joves des de la pregunta i l&#8217;escolta activa"},"content":{"rendered":"<div class=\"wpb-content-wrapper\"><p>[vc_row][vc_column width=&#8221;1\/1&#8243;][vc_column_text uncode_shortcode_id=&#8221;933758&#8243;]<\/p>\n<h3><strong>Acompanyar a les persones joves des de la pregunta i l&#8217;escolta activa<\/strong><\/h3>\n<p>Sara Ortega, Project Manager Acompanyament i Caterina Ponte, t\u00e8cnica de mentoria del programa Zing.<\/p>\n<p>Parlar de joventut \u00e9s explorar un territori d&#8217;infinites possibilitats, desafiaments i oportunitats de creaci\u00f3. No obstant aix\u00f2, moltes vegades la societat i, particularment, els programes dirigits a joves, tendeixen a mirar-los des d&#8217;una perspectiva adult c\u00e8ntrica. Aquest enfocament est\u00e0 basat en est\u00e0ndards de vida heretats de generacions passades, que projecten traject\u00f2ries lineals com les d&#8217;obtenir una educaci\u00f3 formal, una ocupaci\u00f3 estable i aconseguir fites de manera predictible. El problema? El m\u00f3n actual no funciona aix\u00ed. <strong>La velocitat dels canvis, la precarietat laboral i la incertesa que caracteritza la nostra \u00e8poca exigeixen noves maneres d&#8217;acompanyar a les persones joves<\/strong>.<\/p>\n<p>En lloc de veure aquests camins com a simples traject\u00f2ries cap a un determinat dest\u00ed (com la inserci\u00f3 laboral), \u00e9s clau recon\u00e8ixer que aquests s\u00f3n processos din\u00e0mics i \u00fanics. Al llarg d&#8217;ells, les persones joves no sols desenvolupen habilitats t\u00e8cniques, sin\u00f3 que tamb\u00e9 reconfiguren la seva identitat, q\u00fcestionen rols socials i redescobreixen el seu lloc en el m\u00f3n. Aquest enfocament requereix una mirada que celebri la diversitat d&#8217;experi\u00e8ncies i col\u00b7loqui a cada jove com a protagonista en la construcci\u00f3 del seu futur.<\/p>\n<h3><strong>Reescriure relats, trencar motlles<\/strong><\/h3>\n<p>Les joventuts d&#8217;avui enfronten una doble tasca. D&#8217;una banda, poden estar sotmeses a pressions externes per a complir amb expectatives que no necess\u00e0riament reflecteixen els seus valors. Per un altre, tenen el desafiament d&#8217;imaginar i construir noves narratives sobre qui s\u00f3n i com desitgen avan\u00e7ar en els seus projectes de vida. Aquestes noves hist\u00f2ries exigeixen adaptabilitat, obertura i una visi\u00f3 cr\u00edtica capa\u00e7 de desafiar models que ja no corresponen amb la realitat que vivim.<\/p>\n<p>En aquest context, <strong>l&#8217;acompanyament hum\u00e0 i significatiu resulta fonamental<\/strong>. Aix\u00f2 no es tracta nom\u00e9s d&#8217;oferir eines, sin\u00f3 de promoure un espai en el qual les joves se sentin legitimades per a decidir, equivocar-se, aprendre i crear. Aquest tipus d&#8217;acompanyament no t\u00e9 com a meta dirigir-les cap a un objectiu invariable, sin\u00f3 caminar al costat d&#8217;elles com a aliades. Aix\u00ed, la pr\u00e0ctica es converteix en un intercanvi d&#8217;aprenentatges en el qual totes dues parts creixen.<\/p>\n<h3><strong>L&#8217;escolta activa i el poder de la pregunta<\/strong><\/h3>\n<p>Un element clau en aquesta pr\u00e0ctica transformadora recau en la capacitat de formular preguntes que convidin a la reflexi\u00f3, aix\u00ed com en l&#8217;habilitat d&#8217;escoltar de manera emp\u00e0tica i activa. Es tracta de donar espai a l&#8217;autonomia i al pensament cr\u00edtic. A continuaci\u00f3, compartim suggeriments per a entrenar aquestes compet\u00e8ncies:<\/p>\n<p><strong>Com formular millors preguntes?<\/strong><\/p>\n<ol>\n<li><strong>Con\u00e8ixer primer<\/strong><\/li>\n<\/ol>\n<p>Cada bona pregunta sorgeix de l&#8217;empatia i la comprensi\u00f3 genu\u00efna. Abans de preguntar \u201cQu\u00e8 et motiva?\u201d, assegura&#8217;t d&#8217;haver explorat els interessos i preocupacions de la jove.<\/p>\n<ol start=\"2\">\n<li><strong>Fer preguntes obertes<\/strong><\/li>\n<\/ol>\n<p>Preguntes com \u201cQu\u00e8 somies per al teu futur?\u201d permeten a les joves connectar amb els seus desitjos m\u00e9s profunds i recon\u00e8ixer-se com a protagonistes actives de les seves pr\u00f2pies vides.<\/p>\n<ol start=\"3\">\n<li><strong>Evitar enfocaments directius o judiciosos<\/strong><\/li>\n<\/ol>\n<p>Opta per preguntes col\u00b7laboratives com \u201cQu\u00e8 podem fer per a treballar junts cap a aquest objectiu ara?\u201d en lloc de judicis com \u201cPer qu\u00e8 no vas aprofitar aquesta oportunitat?\u201d.<\/p>\n<ol start=\"4\">\n<li><strong>Adaptar el llenguatge<\/strong><\/li>\n<\/ol>\n<p>Parla en termes que s&#8217;aline\u00efn amb la forma en qu\u00e8 la jove ent\u00e9n el m\u00f3n, mantenint un to pr\u00f2xim i respectu\u00f3s.<\/p>\n<h3><strong>Pr\u00e0ctiques per a exercitar l&#8217;escolta activa<\/strong><\/h3>\n<ol>\n<li><strong>Escoltar amb empatia<\/strong><\/li>\n<\/ol>\n<p>Intenta comprendre les emocions i perspectives de l&#8217;altra persona; per exemple, \u201cEntenc que aquesta situaci\u00f3 t&#8217;ha frustrat. Vols compartir una mica m\u00e9s sobre el que sents?\u201d.<\/p>\n<ol start=\"2\">\n<li><strong>Escoltar sense emetre judicis <\/strong><\/li>\n<\/ol>\n<p>Un enfocament lliure de cr\u00edtiques fomenta la confian\u00e7a. Canvia respostes cr\u00edtiques per frases com \u201cCom creus que podr\u00edem enfrontar aix\u00f2 juntes?\u201d.<\/p>\n<ol start=\"3\">\n<li><strong>Utilitzar el silenci <\/strong><\/li>\n<\/ol>\n<p>Donar temps per a la reflexi\u00f3 \u00e9s poder\u00f3s. Fes una pregunta i espera sense interrompre, deixant que la jove processi i arribi a les seves pr\u00f2pies conclusions.<\/p>\n<ol start=\"4\">\n<li><strong>Refor\u00e7ar de manera positiva<\/strong><\/li>\n<\/ol>\n<p>Frases com \u201cEl que est\u00e0s dient \u00e9s realment important\u201d o gestos d&#8217;assentiment demostren inter\u00e8s i validen les seves aportacions.<\/p>\n<ol start=\"5\">\n<li><strong>Adoptar una actitud exploradora<\/strong><\/li>\n<\/ol>\n<p>Per a evitar malentesos, reformula el que et compten: \u201cLlavors, el que entenc \u00e9s que\u2026\u201d Aix\u00f2 no sols ajuda a aclarir detalls, sin\u00f3 que refor\u00e7a el comprom\u00eds en el di\u00e0leg.<\/p>\n<h3><strong>Un nou enfocament<\/strong><\/h3>\n<p>Acompanyar a les persones joves implica molt m\u00e9s que guiar-les cap a un objectiu definit; significa reimaginar junts noves maneres de construir el present. Aquest tipus d&#8217;acompanyament basat en la curiositat activa i el di\u00e0leg reconeix a les joventuts no com un futur distant, sin\u00f3 com un present ple d&#8217;acci\u00f3 i impacte. Es tracta d&#8217;una pr\u00e0ctica profundament transformadora, tant a nivell personal com col\u00b7lectiu.<\/p>\n<p>En obrir portes a converses honestes, humanes i inclusives, ajudem les joves a entendre que no existeixen respostes \u00faniques ni camins lineals. Elles tenen el dret i la capacitat de dissenyar, desfer i refer el seu trajecte vital.[\/vc_column_text][\/vc_column][\/vc_row]<\/p>\n<\/div>","protected":false},"excerpt":{"rendered":"<p> Acompanyar a les persones joves des de la pregunta i l&#8217;escolta activa Sara Ortega, Project Manager Acompanyament [&hellip;]<\/p>\n","protected":false},"author":2,"featured_media":4619,"comment_status":"open","ping_status":"open","sticky":false,"template":"","format":"standard","meta":{"footnotes":""},"categories":[2],"tags":[178,88,22,24,179,89,175,176,177,19,20,55],"class_list":["post-4615","post","type-post","status-publish","format-standard","has-post-thumbnail","hentry","category-sense-categoria","tag-estudiar-ca","tag-formacio","tag-joves","tag-mentoria-ca","tag-oportunitats","tag-programa-zing-ca","tag-wearezing-ca","tag-welcome-ca","tag-welcome-zing-ca","tag-zing-ca","tag-zing-programme-ca","tag-zingers-ca"],"yoast_head":"<!-- This site is optimized with the Yoast SEO plugin v27.4 - https:\/\/yoast.com\/product\/yoast-seo-wordpress\/ -->\n<title>Acompanyar a les persones joves des de la pregunta i l&#039;escolta activa - Zing Programme<\/title>\n<meta name=\"description\" content=\"La velocitat dels canvis, la precarietat laboral i la incertesa que caracteritza la nostra \u00e8poca exigeixen noves maneres d&#039;acompanyar a les persones joves.\" \/>\n<meta name=\"robots\" content=\"index, follow, max-snippet:-1, max-image-preview:large, max-video-preview:-1\" \/>\n<link rel=\"canonical\" href=\"https:\/\/www.zingprogramme.com\/ca\/2025\/07\/31\/acompanyar-a-les-persones-joves-des-de-la-pregunta-i-lescolta-activa\/\" \/>\n<meta property=\"og:locale\" content=\"ca_ES\" \/>\n<meta property=\"og:type\" content=\"article\" \/>\n<meta property=\"og:title\" content=\"Acompanyar a les persones joves des de la pregunta i l&#039;escolta activa - Zing Programme\" \/>\n<meta property=\"og:description\" content=\"La velocitat dels canvis, la precarietat laboral i la incertesa que caracteritza la nostra \u00e8poca exigeixen noves maneres d&#039;acompanyar a les persones joves.\" \/>\n<meta property=\"og:url\" content=\"https:\/\/www.zingprogramme.com\/ca\/2025\/07\/31\/acompanyar-a-les-persones-joves-des-de-la-pregunta-i-lescolta-activa\/\" \/>\n<meta property=\"og:site_name\" content=\"Zing Programme\" \/>\n<meta property=\"article:published_time\" content=\"2025-07-31T11:57:02+00:00\" \/>\n<meta property=\"og:image\" content=\"https:\/\/www.zingprogramme.com\/wp-content\/uploads\/sites\/2\/2025\/07\/DSC00072-scaled.jpg\" \/>\n\t<meta property=\"og:image:width\" content=\"1707\" \/>\n\t<meta property=\"og:image:height\" content=\"2560\" \/>\n\t<meta property=\"og:image:type\" content=\"image\/jpeg\" \/>\n<meta name=\"author\" content=\"Nous Cims\" \/>\n<meta name=\"twitter:card\" content=\"summary_large_image\" \/>\n<meta name=\"twitter:label1\" content=\"Escrit per\" \/>\n\t<meta name=\"twitter:data1\" content=\"Nous Cims\" \/>\n\t<meta name=\"twitter:label2\" content=\"Temps estimat de lectura\" \/>\n\t<meta name=\"twitter:data2\" content=\"4 minuts\" \/>\n<script type=\"application\/ld+json\" class=\"yoast-schema-graph\">{\"@context\":\"https:\\\/\\\/schema.org\",\"@graph\":[{\"@type\":\"Article\",\"@id\":\"https:\\\/\\\/www.zingprogramme.com\\\/ca\\\/2025\\\/07\\\/31\\\/acompanyar-a-les-persones-joves-des-de-la-pregunta-i-lescolta-activa\\\/#article\",\"isPartOf\":{\"@id\":\"https:\\\/\\\/www.zingprogramme.com\\\/ca\\\/2025\\\/07\\\/31\\\/acompanyar-a-les-persones-joves-des-de-la-pregunta-i-lescolta-activa\\\/\"},\"author\":{\"name\":\"Nous Cims\",\"@id\":\"https:\\\/\\\/www.zingprogramme.com\\\/ca\\\/#\\\/schema\\\/person\\\/c49be7fd7667a36f1b39c1c5a2becf99\"},\"headline\":\"Acompanyar a les persones joves des de la pregunta i l&#8217;escolta activa\",\"datePublished\":\"2025-07-31T11:57:02+00:00\",\"mainEntityOfPage\":{\"@id\":\"https:\\\/\\\/www.zingprogramme.com\\\/ca\\\/2025\\\/07\\\/31\\\/acompanyar-a-les-persones-joves-des-de-la-pregunta-i-lescolta-activa\\\/\"},\"wordCount\":905,\"commentCount\":0,\"image\":{\"@id\":\"https:\\\/\\\/www.zingprogramme.com\\\/ca\\\/2025\\\/07\\\/31\\\/acompanyar-a-les-persones-joves-des-de-la-pregunta-i-lescolta-activa\\\/#primaryimage\"},\"thumbnailUrl\":\"https:\\\/\\\/www.zingprogramme.com\\\/wp-content\\\/uploads\\\/sites\\\/2\\\/2025\\\/07\\\/DSC00072-scaled.jpg\",\"keywords\":[\"estudiar\",\"Formaci\u00f3\",\"Joves\",\"Mentoria\",\"oportunitats\",\"Programa zing\",\"wearezing\",\"welcome\",\"welcome zing\",\"Zing\",\"Zing Programme\",\"Zingers\"],\"inLanguage\":\"ca\",\"potentialAction\":[{\"@type\":\"CommentAction\",\"name\":\"Comment\",\"target\":[\"https:\\\/\\\/www.zingprogramme.com\\\/ca\\\/2025\\\/07\\\/31\\\/acompanyar-a-les-persones-joves-des-de-la-pregunta-i-lescolta-activa\\\/#respond\"]}]},{\"@type\":\"WebPage\",\"@id\":\"https:\\\/\\\/www.zingprogramme.com\\\/ca\\\/2025\\\/07\\\/31\\\/acompanyar-a-les-persones-joves-des-de-la-pregunta-i-lescolta-activa\\\/\",\"url\":\"https:\\\/\\\/www.zingprogramme.com\\\/ca\\\/2025\\\/07\\\/31\\\/acompanyar-a-les-persones-joves-des-de-la-pregunta-i-lescolta-activa\\\/\",\"name\":\"Acompanyar a les persones joves des de la pregunta i l'escolta activa - Zing Programme\",\"isPartOf\":{\"@id\":\"https:\\\/\\\/www.zingprogramme.com\\\/ca\\\/#website\"},\"primaryImageOfPage\":{\"@id\":\"https:\\\/\\\/www.zingprogramme.com\\\/ca\\\/2025\\\/07\\\/31\\\/acompanyar-a-les-persones-joves-des-de-la-pregunta-i-lescolta-activa\\\/#primaryimage\"},\"image\":{\"@id\":\"https:\\\/\\\/www.zingprogramme.com\\\/ca\\\/2025\\\/07\\\/31\\\/acompanyar-a-les-persones-joves-des-de-la-pregunta-i-lescolta-activa\\\/#primaryimage\"},\"thumbnailUrl\":\"https:\\\/\\\/www.zingprogramme.com\\\/wp-content\\\/uploads\\\/sites\\\/2\\\/2025\\\/07\\\/DSC00072-scaled.jpg\",\"datePublished\":\"2025-07-31T11:57:02+00:00\",\"author\":{\"@id\":\"https:\\\/\\\/www.zingprogramme.com\\\/ca\\\/#\\\/schema\\\/person\\\/c49be7fd7667a36f1b39c1c5a2becf99\"},\"description\":\"La velocitat dels canvis, la precarietat laboral i la incertesa que caracteritza la nostra \u00e8poca exigeixen noves maneres d'acompanyar a les persones joves.\",\"breadcrumb\":{\"@id\":\"https:\\\/\\\/www.zingprogramme.com\\\/ca\\\/2025\\\/07\\\/31\\\/acompanyar-a-les-persones-joves-des-de-la-pregunta-i-lescolta-activa\\\/#breadcrumb\"},\"inLanguage\":\"ca\",\"potentialAction\":[{\"@type\":\"ReadAction\",\"target\":[\"https:\\\/\\\/www.zingprogramme.com\\\/ca\\\/2025\\\/07\\\/31\\\/acompanyar-a-les-persones-joves-des-de-la-pregunta-i-lescolta-activa\\\/\"]}]},{\"@type\":\"ImageObject\",\"inLanguage\":\"ca\",\"@id\":\"https:\\\/\\\/www.zingprogramme.com\\\/ca\\\/2025\\\/07\\\/31\\\/acompanyar-a-les-persones-joves-des-de-la-pregunta-i-lescolta-activa\\\/#primaryimage\",\"url\":\"https:\\\/\\\/www.zingprogramme.com\\\/wp-content\\\/uploads\\\/sites\\\/2\\\/2025\\\/07\\\/DSC00072-scaled.jpg\",\"contentUrl\":\"https:\\\/\\\/www.zingprogramme.com\\\/wp-content\\\/uploads\\\/sites\\\/2\\\/2025\\\/07\\\/DSC00072-scaled.jpg\",\"width\":1707,\"height\":2560},{\"@type\":\"BreadcrumbList\",\"@id\":\"https:\\\/\\\/www.zingprogramme.com\\\/ca\\\/2025\\\/07\\\/31\\\/acompanyar-a-les-persones-joves-des-de-la-pregunta-i-lescolta-activa\\\/#breadcrumb\",\"itemListElement\":[{\"@type\":\"ListItem\",\"position\":1,\"name\":\"Portada\",\"item\":\"https:\\\/\\\/www.zingprogramme.com\\\/ca\\\/\"},{\"@type\":\"ListItem\",\"position\":2,\"name\":\"Acompanyar a les persones joves des de la pregunta i l&#8217;escolta activa\"}]},{\"@type\":\"WebSite\",\"@id\":\"https:\\\/\\\/www.zingprogramme.com\\\/ca\\\/#website\",\"url\":\"https:\\\/\\\/www.zingprogramme.com\\\/ca\\\/\",\"name\":\"Zing Programme\",\"description\":\"Nuestro objetivo: conseguir una inserci\u00f3n laboral de calidad de los j\u00f3venes\",\"potentialAction\":[{\"@type\":\"SearchAction\",\"target\":{\"@type\":\"EntryPoint\",\"urlTemplate\":\"https:\\\/\\\/www.zingprogramme.com\\\/ca\\\/?s={search_term_string}\"},\"query-input\":{\"@type\":\"PropertyValueSpecification\",\"valueRequired\":true,\"valueName\":\"search_term_string\"}}],\"inLanguage\":\"ca\"},{\"@type\":\"Person\",\"@id\":\"https:\\\/\\\/www.zingprogramme.com\\\/ca\\\/#\\\/schema\\\/person\\\/c49be7fd7667a36f1b39c1c5a2becf99\",\"name\":\"Nous Cims\",\"image\":{\"@type\":\"ImageObject\",\"inLanguage\":\"ca\",\"@id\":\"https:\\\/\\\/secure.gravatar.com\\\/avatar\\\/1dd42f1cafb4dfa67ddb690263b49eb6dd0b847386b5e1ee729643a318a2de73?s=96&d=mm&r=g\",\"url\":\"https:\\\/\\\/secure.gravatar.com\\\/avatar\\\/1dd42f1cafb4dfa67ddb690263b49eb6dd0b847386b5e1ee729643a318a2de73?s=96&d=mm&r=g\",\"contentUrl\":\"https:\\\/\\\/secure.gravatar.com\\\/avatar\\\/1dd42f1cafb4dfa67ddb690263b49eb6dd0b847386b5e1ee729643a318a2de73?s=96&d=mm&r=g\",\"caption\":\"Nous Cims\"},\"url\":\"https:\\\/\\\/www.zingprogramme.com\\\/ca\\\/author\\\/edelcampo\\\/\"}]}<\/script>\n<!-- \/ Yoast SEO plugin. -->","yoast_head_json":{"title":"Acompanyar a les persones joves des de la pregunta i l'escolta activa - Zing Programme","description":"La velocitat dels canvis, la precarietat laboral i la incertesa que caracteritza la nostra \u00e8poca exigeixen noves maneres d'acompanyar a les persones joves.","robots":{"index":"index","follow":"follow","max-snippet":"max-snippet:-1","max-image-preview":"max-image-preview:large","max-video-preview":"max-video-preview:-1"},"canonical":"https:\/\/www.zingprogramme.com\/ca\/2025\/07\/31\/acompanyar-a-les-persones-joves-des-de-la-pregunta-i-lescolta-activa\/","og_locale":"ca_ES","og_type":"article","og_title":"Acompanyar a les persones joves des de la pregunta i l'escolta activa - Zing Programme","og_description":"La velocitat dels canvis, la precarietat laboral i la incertesa que caracteritza la nostra \u00e8poca exigeixen noves maneres d'acompanyar a les persones joves.","og_url":"https:\/\/www.zingprogramme.com\/ca\/2025\/07\/31\/acompanyar-a-les-persones-joves-des-de-la-pregunta-i-lescolta-activa\/","og_site_name":"Zing Programme","article_published_time":"2025-07-31T11:57:02+00:00","og_image":[{"width":1707,"height":2560,"url":"https:\/\/www.zingprogramme.com\/wp-content\/uploads\/sites\/2\/2025\/07\/DSC00072-scaled.jpg","type":"image\/jpeg"}],"author":"Nous Cims","twitter_card":"summary_large_image","twitter_misc":{"Escrit per":"Nous Cims","Temps estimat de lectura":"4 minuts"},"schema":{"@context":"https:\/\/schema.org","@graph":[{"@type":"Article","@id":"https:\/\/www.zingprogramme.com\/ca\/2025\/07\/31\/acompanyar-a-les-persones-joves-des-de-la-pregunta-i-lescolta-activa\/#article","isPartOf":{"@id":"https:\/\/www.zingprogramme.com\/ca\/2025\/07\/31\/acompanyar-a-les-persones-joves-des-de-la-pregunta-i-lescolta-activa\/"},"author":{"name":"Nous Cims","@id":"https:\/\/www.zingprogramme.com\/ca\/#\/schema\/person\/c49be7fd7667a36f1b39c1c5a2becf99"},"headline":"Acompanyar a les persones joves des de la pregunta i l&#8217;escolta activa","datePublished":"2025-07-31T11:57:02+00:00","mainEntityOfPage":{"@id":"https:\/\/www.zingprogramme.com\/ca\/2025\/07\/31\/acompanyar-a-les-persones-joves-des-de-la-pregunta-i-lescolta-activa\/"},"wordCount":905,"commentCount":0,"image":{"@id":"https:\/\/www.zingprogramme.com\/ca\/2025\/07\/31\/acompanyar-a-les-persones-joves-des-de-la-pregunta-i-lescolta-activa\/#primaryimage"},"thumbnailUrl":"https:\/\/www.zingprogramme.com\/wp-content\/uploads\/sites\/2\/2025\/07\/DSC00072-scaled.jpg","keywords":["estudiar","Formaci\u00f3","Joves","Mentoria","oportunitats","Programa zing","wearezing","welcome","welcome zing","Zing","Zing Programme","Zingers"],"inLanguage":"ca","potentialAction":[{"@type":"CommentAction","name":"Comment","target":["https:\/\/www.zingprogramme.com\/ca\/2025\/07\/31\/acompanyar-a-les-persones-joves-des-de-la-pregunta-i-lescolta-activa\/#respond"]}]},{"@type":"WebPage","@id":"https:\/\/www.zingprogramme.com\/ca\/2025\/07\/31\/acompanyar-a-les-persones-joves-des-de-la-pregunta-i-lescolta-activa\/","url":"https:\/\/www.zingprogramme.com\/ca\/2025\/07\/31\/acompanyar-a-les-persones-joves-des-de-la-pregunta-i-lescolta-activa\/","name":"Acompanyar a les persones joves des de la pregunta i l'escolta activa - Zing Programme","isPartOf":{"@id":"https:\/\/www.zingprogramme.com\/ca\/#website"},"primaryImageOfPage":{"@id":"https:\/\/www.zingprogramme.com\/ca\/2025\/07\/31\/acompanyar-a-les-persones-joves-des-de-la-pregunta-i-lescolta-activa\/#primaryimage"},"image":{"@id":"https:\/\/www.zingprogramme.com\/ca\/2025\/07\/31\/acompanyar-a-les-persones-joves-des-de-la-pregunta-i-lescolta-activa\/#primaryimage"},"thumbnailUrl":"https:\/\/www.zingprogramme.com\/wp-content\/uploads\/sites\/2\/2025\/07\/DSC00072-scaled.jpg","datePublished":"2025-07-31T11:57:02+00:00","author":{"@id":"https:\/\/www.zingprogramme.com\/ca\/#\/schema\/person\/c49be7fd7667a36f1b39c1c5a2becf99"},"description":"La velocitat dels canvis, la precarietat laboral i la incertesa que caracteritza la nostra \u00e8poca exigeixen noves maneres d'acompanyar a les persones joves.","breadcrumb":{"@id":"https:\/\/www.zingprogramme.com\/ca\/2025\/07\/31\/acompanyar-a-les-persones-joves-des-de-la-pregunta-i-lescolta-activa\/#breadcrumb"},"inLanguage":"ca","potentialAction":[{"@type":"ReadAction","target":["https:\/\/www.zingprogramme.com\/ca\/2025\/07\/31\/acompanyar-a-les-persones-joves-des-de-la-pregunta-i-lescolta-activa\/"]}]},{"@type":"ImageObject","inLanguage":"ca","@id":"https:\/\/www.zingprogramme.com\/ca\/2025\/07\/31\/acompanyar-a-les-persones-joves-des-de-la-pregunta-i-lescolta-activa\/#primaryimage","url":"https:\/\/www.zingprogramme.com\/wp-content\/uploads\/sites\/2\/2025\/07\/DSC00072-scaled.jpg","contentUrl":"https:\/\/www.zingprogramme.com\/wp-content\/uploads\/sites\/2\/2025\/07\/DSC00072-scaled.jpg","width":1707,"height":2560},{"@type":"BreadcrumbList","@id":"https:\/\/www.zingprogramme.com\/ca\/2025\/07\/31\/acompanyar-a-les-persones-joves-des-de-la-pregunta-i-lescolta-activa\/#breadcrumb","itemListElement":[{"@type":"ListItem","position":1,"name":"Portada","item":"https:\/\/www.zingprogramme.com\/ca\/"},{"@type":"ListItem","position":2,"name":"Acompanyar a les persones joves des de la pregunta i l&#8217;escolta activa"}]},{"@type":"WebSite","@id":"https:\/\/www.zingprogramme.com\/ca\/#website","url":"https:\/\/www.zingprogramme.com\/ca\/","name":"Zing Programme","description":"Nuestro objetivo: conseguir una inserci\u00f3n laboral de calidad de los j\u00f3venes","potentialAction":[{"@type":"SearchAction","target":{"@type":"EntryPoint","urlTemplate":"https:\/\/www.zingprogramme.com\/ca\/?s={search_term_string}"},"query-input":{"@type":"PropertyValueSpecification","valueRequired":true,"valueName":"search_term_string"}}],"inLanguage":"ca"},{"@type":"Person","@id":"https:\/\/www.zingprogramme.com\/ca\/#\/schema\/person\/c49be7fd7667a36f1b39c1c5a2becf99","name":"Nous Cims","image":{"@type":"ImageObject","inLanguage":"ca","@id":"https:\/\/secure.gravatar.com\/avatar\/1dd42f1cafb4dfa67ddb690263b49eb6dd0b847386b5e1ee729643a318a2de73?s=96&d=mm&r=g","url":"https:\/\/secure.gravatar.com\/avatar\/1dd42f1cafb4dfa67ddb690263b49eb6dd0b847386b5e1ee729643a318a2de73?s=96&d=mm&r=g","contentUrl":"https:\/\/secure.gravatar.com\/avatar\/1dd42f1cafb4dfa67ddb690263b49eb6dd0b847386b5e1ee729643a318a2de73?s=96&d=mm&r=g","caption":"Nous Cims"},"url":"https:\/\/www.zingprogramme.com\/ca\/author\/edelcampo\/"}]}},"_links":{"self":[{"href":"https:\/\/www.zingprogramme.com\/ca\/wp-json\/wp\/v2\/posts\/4615","targetHints":{"allow":["GET"]}}],"collection":[{"href":"https:\/\/www.zingprogramme.com\/ca\/wp-json\/wp\/v2\/posts"}],"about":[{"href":"https:\/\/www.zingprogramme.com\/ca\/wp-json\/wp\/v2\/types\/post"}],"author":[{"embeddable":true,"href":"https:\/\/www.zingprogramme.com\/ca\/wp-json\/wp\/v2\/users\/2"}],"replies":[{"embeddable":true,"href":"https:\/\/www.zingprogramme.com\/ca\/wp-json\/wp\/v2\/comments?post=4615"}],"version-history":[{"count":2,"href":"https:\/\/www.zingprogramme.com\/ca\/wp-json\/wp\/v2\/posts\/4615\/revisions"}],"predecessor-version":[{"id":4618,"href":"https:\/\/www.zingprogramme.com\/ca\/wp-json\/wp\/v2\/posts\/4615\/revisions\/4618"}],"wp:featuredmedia":[{"embeddable":true,"href":"https:\/\/www.zingprogramme.com\/ca\/wp-json\/wp\/v2\/media\/4619"}],"wp:attachment":[{"href":"https:\/\/www.zingprogramme.com\/ca\/wp-json\/wp\/v2\/media?parent=4615"}],"wp:term":[{"taxonomy":"category","embeddable":true,"href":"https:\/\/www.zingprogramme.com\/ca\/wp-json\/wp\/v2\/categories?post=4615"},{"taxonomy":"post_tag","embeddable":true,"href":"https:\/\/www.zingprogramme.com\/ca\/wp-json\/wp\/v2\/tags?post=4615"}],"curies":[{"name":"wp","href":"https:\/\/api.w.org\/{rel}","templated":true}]}}