{"id":4319,"date":"2024-03-07T11:28:51","date_gmt":"2024-03-07T11:28:51","guid":{"rendered":"https:\/\/www.zingprogramme.com\/?p=4319"},"modified":"2024-03-07T11:28:51","modified_gmt":"2024-03-07T11:28:51","slug":"assumir-riscos-academics-dret-o-privilegi","status":"publish","type":"post","link":"https:\/\/www.zingprogramme.com\/ca\/2024\/03\/07\/assumir-riscos-academics-dret-o-privilegi\/","title":{"rendered":"Assumir riscos acad\u00e8mics: Dret o privilegi?"},"content":{"rendered":"<div class=\"wpb-content-wrapper\"><p>[vc_row][vc_column width=&#8221;1\/1&#8243;][vc_column_text uncode_shortcode_id=&#8221;175682&#8243;]<\/p>\n<h3><strong>La import\u00e0ncia de desenvolupar programes d&#8217;ocupabilitat flexibles per a joves provinents de contextos socioecon\u00f2mics vulnerables.<\/strong><\/h3>\n<p><strong>Arianna Ranesi Murillo, T\u00e8cnica ZING Beques, \u00c0rea Ocupabilitat<\/strong><\/p>\n<p>Sempre que decidim estudiar, estem realitzant una inversi\u00f3. La import\u00e0ncia i l&#8217;abast d&#8217;aquesta inversi\u00f3, ja sigui en termes de temps, recursos o diners, seran determinats per diversos elements, com la durada del programa acad\u00e8mic, la complexitat dels estudis o el seu cost econ\u00f2mic. Per tant, l&#8217;elecci\u00f3 d&#8217;una traject\u00f2ria educativa estar\u00e0 fortament influenciada per la capacitat d&#8217;inversi\u00f3 de cada persona o fam\u00edlia.<\/p>\n<p>Quan es tracta de triar un cam\u00ed educatiu, els joves han de comptar amb cert capital econ\u00f2mic que pugui suportar no obtenir beneficis o retardar la seva obtenci\u00f3 a curt termini. Aquells que necessitin rendibilitzar r\u00e0pidament la seva inversi\u00f3 educativa no podran assumir aquest cost i \u00e9s m\u00e9s probable que acabin els seus estudis despr\u00e9s de cursar un Grau Mitj\u00e0 i no arribin a accedir a un Grau Superior o cursar estudis universitaris. Fins i tot dins de la mateixa universitat, poden optar per un itinerari acad\u00e8mic menys cost\u00f3s.<\/p>\n<p>\u00c9s important considerar tamb\u00e9 la capacitat d&#8217;aprofitar la formaci\u00f3 que es desitja cursar. Perqu\u00e8 un jove pugui fer un \u00fas efectiu dels recursos educatius, \u00e9s necessari que compti amb condicions socials, escolars i familiars b\u00e0siques que li brindin l&#8217;estabilitat suficient per a dedicar-se a la seva formaci\u00f3 acad\u00e8mica (Vallv\u00e9, 2015). Quan aquestes condicions favorables no estan garantides, augmenta el risc associat a la inversi\u00f3, ja que no podr\u00e0 destinar exclusivament els seus recursos (temps, dedicaci\u00f3, esfor\u00e7, etc.) a superar els seus estudis. Com s&#8217;esmenta en l&#8217;informe sobre &#8220;Aband\u00f3 escolar Prematur de la Fundaci\u00f3 Bofill&#8221;, els estudiants provinents d&#8217;entorns amb majors recursos econ\u00f2mics presenten taxes d&#8217;aband\u00f3 per sota de l&#8217;1%, mentre que aquells que provenen de contextos m\u00e9s vulnerables ho fan en gaireb\u00e9 un 20%.<\/p>\n<p>Aqu\u00ed \u00e9s on es destaca una altra forma de desigualtat que sovint es passa per alt: la capacitat d&#8217;afrontar el frac\u00e0s. \u00c9s a dir, tenir la certesa de comptar amb una opci\u00f3 alternativa en cas de no aconseguir l&#8217;\u00e8xit (com prolongar els anys d&#8217;estudi, repetir assignatures, canviar d&#8217;itinerari o de centre) ens situa en un escenari molt m\u00e9s suportable que aquell en el qual ens trobar\u00edem si no tingu\u00e9ssim aquesta opci\u00f3. En avaluar r\u00e0pidament els costos, aquells que saben que no tenen una opci\u00f3 B (i necessiten garantir l&#8217;\u00e8xit de la seva inversi\u00f3) \u00e9s m\u00e9s probable que tri\u00efn un cam\u00ed m\u00e9s segur. Per tant, cometre errors tamb\u00e9 es converteix en un privilegi.<\/p>\n<p>Basant-nos en l&#8217;anterior, es pot afirmar que un programa de beques dirigit a joves en situaci\u00f3 de vulnerabilitat econ\u00f2mica i social, que tingui en compte aquesta premissa i sigui m\u00e9s tolerant davant possibles errors, tindr\u00e0 un impacte m\u00e9s significatiu en la lluita contra les desigualtats socials i educatives. Tal com afirmen Mullainathan i Shafir, \u201c(un programa flexible) possibilita que les oportunitats concedides a les persones s&#8217;ajustin a l&#8217;esfor\u00e7 que li dediquen i a les circumst\u00e0ncies que afronten. No elimina la necessitat de treballar intensament, m\u00e9s aviat permet que aquest esfor\u00e7 intens doni millors resultats als qui responen al desafiament.\u201d (Mullainathan i Shafir, 2016). En conclusi\u00f3, com m\u00e9s flexible sigui l&#8217;ajuda, m\u00e9s riscos podr\u00e0 assumir el jove, la qual cosa li permetr\u00e0 optar per inversions acad\u00e8miques m\u00e9s prometedores que finalment l&#8217;encaminaran cap a sectors laborals nous i millors, i aix\u00ed trencar el cicle de desigualtat del qual provenia, o almenys no impedir-ho.<\/p>\n<div class=\"uncode_text_column\">\n<p><a href=\"https:\/\/www.nouscims.com\/asumir-riesgos-academicos-derecho-o-privilegio\/\"><strong>Llegeix l&#8217;article complet<\/strong><\/a><\/p>\n<\/div>\n<p>[\/vc_column_text][\/vc_column][\/vc_row]<\/p>\n<\/div>","protected":false},"excerpt":{"rendered":"<p> La import\u00e0ncia de desenvolupar programes d&#8217;ocupabilitat flexibles per a joves provinents de contextos socioecon\u00f2mics vulnerables. Arianna Ranesi [&hellip;]<\/p>\n","protected":false},"author":2,"featured_media":4322,"comment_status":"open","ping_status":"open","sticky":false,"template":"","format":"standard","meta":{"footnotes":""},"categories":[2],"tags":[178,88,22,24,179,89,175,176,177,19,20,55],"class_list":["post-4319","post","type-post","status-publish","format-standard","has-post-thumbnail","hentry","category-sense-categoria","tag-estudiar-ca","tag-formacio","tag-joves","tag-mentoria-ca","tag-oportunitats","tag-programa-zing-ca","tag-wearezing-ca","tag-welcome-ca","tag-welcome-zing-ca","tag-zing-ca","tag-zing-programme-ca","tag-zingers-ca"],"yoast_head":"<!-- This site is optimized with the Yoast SEO plugin v27.4 - https:\/\/yoast.com\/product\/yoast-seo-wordpress\/ -->\n<title>Assumir riscos acad\u00e8mics: Dret o privilegi? - Zing Programme<\/title>\n<meta name=\"description\" content=\"La import\u00e0ncia de desenvolupar programes d&#039;ocupabilitat flexibles per a joves provinents de contextos socioecon\u00f2mics vulnerables.\" \/>\n<meta name=\"robots\" content=\"index, follow, max-snippet:-1, max-image-preview:large, max-video-preview:-1\" \/>\n<link rel=\"canonical\" href=\"https:\/\/www.zingprogramme.com\/ca\/2024\/03\/07\/assumir-riscos-academics-dret-o-privilegi\/\" \/>\n<meta property=\"og:locale\" content=\"ca_ES\" \/>\n<meta property=\"og:type\" content=\"article\" \/>\n<meta property=\"og:title\" content=\"Assumir riscos acad\u00e8mics: Dret o privilegi? - Zing Programme\" \/>\n<meta property=\"og:description\" content=\"La import\u00e0ncia de desenvolupar programes d&#039;ocupabilitat flexibles per a joves provinents de contextos socioecon\u00f2mics vulnerables.\" \/>\n<meta property=\"og:url\" content=\"https:\/\/www.zingprogramme.com\/ca\/2024\/03\/07\/assumir-riscos-academics-dret-o-privilegi\/\" \/>\n<meta property=\"og:site_name\" content=\"Zing Programme\" \/>\n<meta property=\"article:published_time\" content=\"2024-03-07T11:28:51+00:00\" \/>\n<meta property=\"og:image\" content=\"https:\/\/www.zingprogramme.com\/wp-content\/uploads\/sites\/2\/2024\/03\/IMG_6918-scaled.jpg\" \/>\n\t<meta property=\"og:image:width\" content=\"2560\" \/>\n\t<meta property=\"og:image:height\" content=\"1707\" \/>\n\t<meta property=\"og:image:type\" content=\"image\/jpeg\" \/>\n<meta name=\"author\" content=\"Nous Cims\" \/>\n<meta name=\"twitter:card\" content=\"summary_large_image\" \/>\n<meta name=\"twitter:label1\" content=\"Escrit per\" \/>\n\t<meta name=\"twitter:data1\" content=\"Nous Cims\" \/>\n\t<meta name=\"twitter:label2\" content=\"Temps estimat de lectura\" \/>\n\t<meta name=\"twitter:data2\" content=\"3 minuts\" \/>\n<script type=\"application\/ld+json\" class=\"yoast-schema-graph\">{\"@context\":\"https:\\\/\\\/schema.org\",\"@graph\":[{\"@type\":\"Article\",\"@id\":\"https:\\\/\\\/www.zingprogramme.com\\\/ca\\\/2024\\\/03\\\/07\\\/assumir-riscos-academics-dret-o-privilegi\\\/#article\",\"isPartOf\":{\"@id\":\"https:\\\/\\\/www.zingprogramme.com\\\/ca\\\/2024\\\/03\\\/07\\\/assumir-riscos-academics-dret-o-privilegi\\\/\"},\"author\":{\"name\":\"Nous Cims\",\"@id\":\"https:\\\/\\\/www.zingprogramme.com\\\/ca\\\/#\\\/schema\\\/person\\\/c49be7fd7667a36f1b39c1c5a2becf99\"},\"headline\":\"Assumir riscos acad\u00e8mics: Dret o privilegi?\",\"datePublished\":\"2024-03-07T11:28:51+00:00\",\"mainEntityOfPage\":{\"@id\":\"https:\\\/\\\/www.zingprogramme.com\\\/ca\\\/2024\\\/03\\\/07\\\/assumir-riscos-academics-dret-o-privilegi\\\/\"},\"wordCount\":643,\"commentCount\":0,\"image\":{\"@id\":\"https:\\\/\\\/www.zingprogramme.com\\\/ca\\\/2024\\\/03\\\/07\\\/assumir-riscos-academics-dret-o-privilegi\\\/#primaryimage\"},\"thumbnailUrl\":\"https:\\\/\\\/www.zingprogramme.com\\\/wp-content\\\/uploads\\\/sites\\\/2\\\/2024\\\/03\\\/IMG_6918-scaled.jpg\",\"keywords\":[\"estudiar\",\"Formaci\u00f3\",\"Joves\",\"Mentoria\",\"oportunitats\",\"Programa zing\",\"wearezing\",\"welcome\",\"welcome zing\",\"Zing\",\"Zing Programme\",\"Zingers\"],\"inLanguage\":\"ca\",\"potentialAction\":[{\"@type\":\"CommentAction\",\"name\":\"Comment\",\"target\":[\"https:\\\/\\\/www.zingprogramme.com\\\/ca\\\/2024\\\/03\\\/07\\\/assumir-riscos-academics-dret-o-privilegi\\\/#respond\"]}]},{\"@type\":\"WebPage\",\"@id\":\"https:\\\/\\\/www.zingprogramme.com\\\/ca\\\/2024\\\/03\\\/07\\\/assumir-riscos-academics-dret-o-privilegi\\\/\",\"url\":\"https:\\\/\\\/www.zingprogramme.com\\\/ca\\\/2024\\\/03\\\/07\\\/assumir-riscos-academics-dret-o-privilegi\\\/\",\"name\":\"Assumir riscos acad\u00e8mics: Dret o privilegi? - Zing Programme\",\"isPartOf\":{\"@id\":\"https:\\\/\\\/www.zingprogramme.com\\\/ca\\\/#website\"},\"primaryImageOfPage\":{\"@id\":\"https:\\\/\\\/www.zingprogramme.com\\\/ca\\\/2024\\\/03\\\/07\\\/assumir-riscos-academics-dret-o-privilegi\\\/#primaryimage\"},\"image\":{\"@id\":\"https:\\\/\\\/www.zingprogramme.com\\\/ca\\\/2024\\\/03\\\/07\\\/assumir-riscos-academics-dret-o-privilegi\\\/#primaryimage\"},\"thumbnailUrl\":\"https:\\\/\\\/www.zingprogramme.com\\\/wp-content\\\/uploads\\\/sites\\\/2\\\/2024\\\/03\\\/IMG_6918-scaled.jpg\",\"datePublished\":\"2024-03-07T11:28:51+00:00\",\"author\":{\"@id\":\"https:\\\/\\\/www.zingprogramme.com\\\/ca\\\/#\\\/schema\\\/person\\\/c49be7fd7667a36f1b39c1c5a2becf99\"},\"description\":\"La import\u00e0ncia de desenvolupar programes d'ocupabilitat flexibles per a joves provinents de contextos socioecon\u00f2mics vulnerables.\",\"breadcrumb\":{\"@id\":\"https:\\\/\\\/www.zingprogramme.com\\\/ca\\\/2024\\\/03\\\/07\\\/assumir-riscos-academics-dret-o-privilegi\\\/#breadcrumb\"},\"inLanguage\":\"ca\",\"potentialAction\":[{\"@type\":\"ReadAction\",\"target\":[\"https:\\\/\\\/www.zingprogramme.com\\\/ca\\\/2024\\\/03\\\/07\\\/assumir-riscos-academics-dret-o-privilegi\\\/\"]}]},{\"@type\":\"ImageObject\",\"inLanguage\":\"ca\",\"@id\":\"https:\\\/\\\/www.zingprogramme.com\\\/ca\\\/2024\\\/03\\\/07\\\/assumir-riscos-academics-dret-o-privilegi\\\/#primaryimage\",\"url\":\"https:\\\/\\\/www.zingprogramme.com\\\/wp-content\\\/uploads\\\/sites\\\/2\\\/2024\\\/03\\\/IMG_6918-scaled.jpg\",\"contentUrl\":\"https:\\\/\\\/www.zingprogramme.com\\\/wp-content\\\/uploads\\\/sites\\\/2\\\/2024\\\/03\\\/IMG_6918-scaled.jpg\",\"width\":2560,\"height\":1707},{\"@type\":\"BreadcrumbList\",\"@id\":\"https:\\\/\\\/www.zingprogramme.com\\\/ca\\\/2024\\\/03\\\/07\\\/assumir-riscos-academics-dret-o-privilegi\\\/#breadcrumb\",\"itemListElement\":[{\"@type\":\"ListItem\",\"position\":1,\"name\":\"Portada\",\"item\":\"https:\\\/\\\/www.zingprogramme.com\\\/ca\\\/\"},{\"@type\":\"ListItem\",\"position\":2,\"name\":\"Assumir riscos acad\u00e8mics: Dret o privilegi?\"}]},{\"@type\":\"WebSite\",\"@id\":\"https:\\\/\\\/www.zingprogramme.com\\\/ca\\\/#website\",\"url\":\"https:\\\/\\\/www.zingprogramme.com\\\/ca\\\/\",\"name\":\"Zing Programme\",\"description\":\"Nuestro objetivo: conseguir una inserci\u00f3n laboral de calidad de los j\u00f3venes\",\"potentialAction\":[{\"@type\":\"SearchAction\",\"target\":{\"@type\":\"EntryPoint\",\"urlTemplate\":\"https:\\\/\\\/www.zingprogramme.com\\\/ca\\\/?s={search_term_string}\"},\"query-input\":{\"@type\":\"PropertyValueSpecification\",\"valueRequired\":true,\"valueName\":\"search_term_string\"}}],\"inLanguage\":\"ca\"},{\"@type\":\"Person\",\"@id\":\"https:\\\/\\\/www.zingprogramme.com\\\/ca\\\/#\\\/schema\\\/person\\\/c49be7fd7667a36f1b39c1c5a2becf99\",\"name\":\"Nous Cims\",\"image\":{\"@type\":\"ImageObject\",\"inLanguage\":\"ca\",\"@id\":\"https:\\\/\\\/secure.gravatar.com\\\/avatar\\\/1dd42f1cafb4dfa67ddb690263b49eb6dd0b847386b5e1ee729643a318a2de73?s=96&d=mm&r=g\",\"url\":\"https:\\\/\\\/secure.gravatar.com\\\/avatar\\\/1dd42f1cafb4dfa67ddb690263b49eb6dd0b847386b5e1ee729643a318a2de73?s=96&d=mm&r=g\",\"contentUrl\":\"https:\\\/\\\/secure.gravatar.com\\\/avatar\\\/1dd42f1cafb4dfa67ddb690263b49eb6dd0b847386b5e1ee729643a318a2de73?s=96&d=mm&r=g\",\"caption\":\"Nous Cims\"},\"url\":\"https:\\\/\\\/www.zingprogramme.com\\\/ca\\\/author\\\/edelcampo\\\/\"}]}<\/script>\n<!-- \/ Yoast SEO plugin. -->","yoast_head_json":{"title":"Assumir riscos acad\u00e8mics: Dret o privilegi? - Zing Programme","description":"La import\u00e0ncia de desenvolupar programes d'ocupabilitat flexibles per a joves provinents de contextos socioecon\u00f2mics vulnerables.","robots":{"index":"index","follow":"follow","max-snippet":"max-snippet:-1","max-image-preview":"max-image-preview:large","max-video-preview":"max-video-preview:-1"},"canonical":"https:\/\/www.zingprogramme.com\/ca\/2024\/03\/07\/assumir-riscos-academics-dret-o-privilegi\/","og_locale":"ca_ES","og_type":"article","og_title":"Assumir riscos acad\u00e8mics: Dret o privilegi? - Zing Programme","og_description":"La import\u00e0ncia de desenvolupar programes d'ocupabilitat flexibles per a joves provinents de contextos socioecon\u00f2mics vulnerables.","og_url":"https:\/\/www.zingprogramme.com\/ca\/2024\/03\/07\/assumir-riscos-academics-dret-o-privilegi\/","og_site_name":"Zing Programme","article_published_time":"2024-03-07T11:28:51+00:00","og_image":[{"width":2560,"height":1707,"url":"https:\/\/www.zingprogramme.com\/wp-content\/uploads\/sites\/2\/2024\/03\/IMG_6918-scaled.jpg","type":"image\/jpeg"}],"author":"Nous Cims","twitter_card":"summary_large_image","twitter_misc":{"Escrit per":"Nous Cims","Temps estimat de lectura":"3 minuts"},"schema":{"@context":"https:\/\/schema.org","@graph":[{"@type":"Article","@id":"https:\/\/www.zingprogramme.com\/ca\/2024\/03\/07\/assumir-riscos-academics-dret-o-privilegi\/#article","isPartOf":{"@id":"https:\/\/www.zingprogramme.com\/ca\/2024\/03\/07\/assumir-riscos-academics-dret-o-privilegi\/"},"author":{"name":"Nous Cims","@id":"https:\/\/www.zingprogramme.com\/ca\/#\/schema\/person\/c49be7fd7667a36f1b39c1c5a2becf99"},"headline":"Assumir riscos acad\u00e8mics: Dret o privilegi?","datePublished":"2024-03-07T11:28:51+00:00","mainEntityOfPage":{"@id":"https:\/\/www.zingprogramme.com\/ca\/2024\/03\/07\/assumir-riscos-academics-dret-o-privilegi\/"},"wordCount":643,"commentCount":0,"image":{"@id":"https:\/\/www.zingprogramme.com\/ca\/2024\/03\/07\/assumir-riscos-academics-dret-o-privilegi\/#primaryimage"},"thumbnailUrl":"https:\/\/www.zingprogramme.com\/wp-content\/uploads\/sites\/2\/2024\/03\/IMG_6918-scaled.jpg","keywords":["estudiar","Formaci\u00f3","Joves","Mentoria","oportunitats","Programa zing","wearezing","welcome","welcome zing","Zing","Zing Programme","Zingers"],"inLanguage":"ca","potentialAction":[{"@type":"CommentAction","name":"Comment","target":["https:\/\/www.zingprogramme.com\/ca\/2024\/03\/07\/assumir-riscos-academics-dret-o-privilegi\/#respond"]}]},{"@type":"WebPage","@id":"https:\/\/www.zingprogramme.com\/ca\/2024\/03\/07\/assumir-riscos-academics-dret-o-privilegi\/","url":"https:\/\/www.zingprogramme.com\/ca\/2024\/03\/07\/assumir-riscos-academics-dret-o-privilegi\/","name":"Assumir riscos acad\u00e8mics: Dret o privilegi? - Zing Programme","isPartOf":{"@id":"https:\/\/www.zingprogramme.com\/ca\/#website"},"primaryImageOfPage":{"@id":"https:\/\/www.zingprogramme.com\/ca\/2024\/03\/07\/assumir-riscos-academics-dret-o-privilegi\/#primaryimage"},"image":{"@id":"https:\/\/www.zingprogramme.com\/ca\/2024\/03\/07\/assumir-riscos-academics-dret-o-privilegi\/#primaryimage"},"thumbnailUrl":"https:\/\/www.zingprogramme.com\/wp-content\/uploads\/sites\/2\/2024\/03\/IMG_6918-scaled.jpg","datePublished":"2024-03-07T11:28:51+00:00","author":{"@id":"https:\/\/www.zingprogramme.com\/ca\/#\/schema\/person\/c49be7fd7667a36f1b39c1c5a2becf99"},"description":"La import\u00e0ncia de desenvolupar programes d'ocupabilitat flexibles per a joves provinents de contextos socioecon\u00f2mics vulnerables.","breadcrumb":{"@id":"https:\/\/www.zingprogramme.com\/ca\/2024\/03\/07\/assumir-riscos-academics-dret-o-privilegi\/#breadcrumb"},"inLanguage":"ca","potentialAction":[{"@type":"ReadAction","target":["https:\/\/www.zingprogramme.com\/ca\/2024\/03\/07\/assumir-riscos-academics-dret-o-privilegi\/"]}]},{"@type":"ImageObject","inLanguage":"ca","@id":"https:\/\/www.zingprogramme.com\/ca\/2024\/03\/07\/assumir-riscos-academics-dret-o-privilegi\/#primaryimage","url":"https:\/\/www.zingprogramme.com\/wp-content\/uploads\/sites\/2\/2024\/03\/IMG_6918-scaled.jpg","contentUrl":"https:\/\/www.zingprogramme.com\/wp-content\/uploads\/sites\/2\/2024\/03\/IMG_6918-scaled.jpg","width":2560,"height":1707},{"@type":"BreadcrumbList","@id":"https:\/\/www.zingprogramme.com\/ca\/2024\/03\/07\/assumir-riscos-academics-dret-o-privilegi\/#breadcrumb","itemListElement":[{"@type":"ListItem","position":1,"name":"Portada","item":"https:\/\/www.zingprogramme.com\/ca\/"},{"@type":"ListItem","position":2,"name":"Assumir riscos acad\u00e8mics: Dret o privilegi?"}]},{"@type":"WebSite","@id":"https:\/\/www.zingprogramme.com\/ca\/#website","url":"https:\/\/www.zingprogramme.com\/ca\/","name":"Zing Programme","description":"Nuestro objetivo: conseguir una inserci\u00f3n laboral de calidad de los j\u00f3venes","potentialAction":[{"@type":"SearchAction","target":{"@type":"EntryPoint","urlTemplate":"https:\/\/www.zingprogramme.com\/ca\/?s={search_term_string}"},"query-input":{"@type":"PropertyValueSpecification","valueRequired":true,"valueName":"search_term_string"}}],"inLanguage":"ca"},{"@type":"Person","@id":"https:\/\/www.zingprogramme.com\/ca\/#\/schema\/person\/c49be7fd7667a36f1b39c1c5a2becf99","name":"Nous Cims","image":{"@type":"ImageObject","inLanguage":"ca","@id":"https:\/\/secure.gravatar.com\/avatar\/1dd42f1cafb4dfa67ddb690263b49eb6dd0b847386b5e1ee729643a318a2de73?s=96&d=mm&r=g","url":"https:\/\/secure.gravatar.com\/avatar\/1dd42f1cafb4dfa67ddb690263b49eb6dd0b847386b5e1ee729643a318a2de73?s=96&d=mm&r=g","contentUrl":"https:\/\/secure.gravatar.com\/avatar\/1dd42f1cafb4dfa67ddb690263b49eb6dd0b847386b5e1ee729643a318a2de73?s=96&d=mm&r=g","caption":"Nous Cims"},"url":"https:\/\/www.zingprogramme.com\/ca\/author\/edelcampo\/"}]}},"_links":{"self":[{"href":"https:\/\/www.zingprogramme.com\/ca\/wp-json\/wp\/v2\/posts\/4319","targetHints":{"allow":["GET"]}}],"collection":[{"href":"https:\/\/www.zingprogramme.com\/ca\/wp-json\/wp\/v2\/posts"}],"about":[{"href":"https:\/\/www.zingprogramme.com\/ca\/wp-json\/wp\/v2\/types\/post"}],"author":[{"embeddable":true,"href":"https:\/\/www.zingprogramme.com\/ca\/wp-json\/wp\/v2\/users\/2"}],"replies":[{"embeddable":true,"href":"https:\/\/www.zingprogramme.com\/ca\/wp-json\/wp\/v2\/comments?post=4319"}],"version-history":[{"count":6,"href":"https:\/\/www.zingprogramme.com\/ca\/wp-json\/wp\/v2\/posts\/4319\/revisions"}],"predecessor-version":[{"id":4328,"href":"https:\/\/www.zingprogramme.com\/ca\/wp-json\/wp\/v2\/posts\/4319\/revisions\/4328"}],"wp:featuredmedia":[{"embeddable":true,"href":"https:\/\/www.zingprogramme.com\/ca\/wp-json\/wp\/v2\/media\/4322"}],"wp:attachment":[{"href":"https:\/\/www.zingprogramme.com\/ca\/wp-json\/wp\/v2\/media?parent=4319"}],"wp:term":[{"taxonomy":"category","embeddable":true,"href":"https:\/\/www.zingprogramme.com\/ca\/wp-json\/wp\/v2\/categories?post=4319"},{"taxonomy":"post_tag","embeddable":true,"href":"https:\/\/www.zingprogramme.com\/ca\/wp-json\/wp\/v2\/tags?post=4319"}],"curies":[{"name":"wp","href":"https:\/\/api.w.org\/{rel}","templated":true}]}}