{"id":4256,"date":"2023-11-29T09:09:29","date_gmt":"2023-11-29T09:09:29","guid":{"rendered":"https:\/\/www.zingprogramme.com\/?p=4256"},"modified":"2023-11-29T09:09:29","modified_gmt":"2023-11-29T09:09:29","slug":"lexperiencia-del-programa-de-mentoria-zing-en-ladquisicio-de-competencies-educatives-i-laborals","status":"publish","type":"post","link":"https:\/\/www.zingprogramme.com\/ca\/2023\/11\/29\/lexperiencia-del-programa-de-mentoria-zing-en-ladquisicio-de-competencies-educatives-i-laborals\/","title":{"rendered":"L&#8217;experi\u00e8ncia del Programa de Mentoria ZING en l&#8217;adquisici\u00f3 de compet\u00e8ncies educatives i laborals"},"content":{"rendered":"<div class=\"wpb-content-wrapper\"><p>[vc_row][vc_column width=&#8221;1\/1&#8243;][vc_column_text uncode_shortcode_id=&#8221;156898&#8243;]<strong>Alba L\u00f3pez, T\u00e8cnica ZING Mentoria, \u00c0rea d&#8217;Ocupabilitat<\/strong><\/p>\n<p>La q\u00fcesti\u00f3 de les compet\u00e8ncies \u00e9s actualment un tema destacat tant en l&#8217;\u00e0mbit educatiu com en l&#8217;empresarial. La connexi\u00f3 efectiva entre aquests dos sectors contribueix a la preparaci\u00f3 dels joves per a enfrontar els reptes del mercat laboral i millorar les seves perspectives d&#8217;ocupaci\u00f3. El prop\u00f2sit d&#8217;aquest article \u00e9s identificar les disparitats i semblances entre tots dos \u00e0mbits, establint un marc te\u00f2ric per al desenvolupament i un pla d&#8217;intervenci\u00f3 col\u00b7laboratiu, centrant-se metodol\u00f2gicament en programes de mentoria com a complement als models socioeducatius.<\/p>\n<p>L&#8217;enfocament te\u00f2ric es construeix a partir de dos conceptes fonamentals: les compet\u00e8ncies educatives i les compet\u00e8ncies laborals.<\/p>\n<p>En l&#8217;\u00e0mbit educatiu, la LOMLOE distingeix dos tipus de compet\u00e8ncies: b\u00e0siques i espec\u00edfiques, reflectides en el nou curr\u00edculum. Es defineixen com a compet\u00e8ncies clau aquelles necess\u00e0ries per a la realitzaci\u00f3 i desenvolupament personal, l&#8217;ocupabilitat, la integraci\u00f3 social, l&#8217;estil de vida sostenible, l&#8217;\u00e8xit en societats pac\u00edfiques, el mode de vida saludable i la ciutadania activa (Recomanaci\u00f3 del Consell de la UE, 2018). Aquestes compet\u00e8ncies es desenvolupen al llarg de la vida, abastant la inf\u00e0ncia, l&#8217;edat adulta i s&#8217;adquireixen a trav\u00e9s d&#8217;aprenentatge formal, no formal i informal en diversos contextos, com la fam\u00edlia, el treball i la comunitat (LOMLOE, 2020).<\/p>\n<p>En l&#8217;\u00e0mbit empresarial, les compet\u00e8ncies laborals es defineixen com l&#8217;aplicaci\u00f3 de coneixements, habilitats i comportaments en l&#8217;acompliment laboral. Es divideixen en compet\u00e8ncies b\u00e0siques, que inclouen habilitats intel\u00b7lectuals, actituds i elements no cognitius, i compet\u00e8ncies espec\u00edfiques, relacionades amb coneixements adquirits mitjan\u00e7ant formaci\u00f3.<\/p>\n<h3>Influ\u00e8ncia de l&#8217;entorn i context<\/h3>\n<p>El context en el qual neix i es desenvolupa un individu exerceix un paper crucial en el desenvolupament de les seves compet\u00e8ncies. Bronfenbrenner proposa el model ecol\u00f2gic, que il\u00b7lustra com diversos sistemes afecten l&#8217;individu, des del microsistema (fam\u00edlia, escola, grups d&#8217;amics) fins al macrosistema (creences culturals i valors).<\/p>\n<p>En el cas dels joves beneficiaris del programa Zing, que provenen d&#8217;un context vulnerable, enfronten desafiaments addicionals en el seu desenvolupament. El programa ofereix una beca econ\u00f2mica per a continuar estudis superiors i recursos complementaris, com a orientaci\u00f3 vocacional, mentoria socioeducativa, inserci\u00f3 laboral i una xarxa de m\u00e9s de mil tres-cents joves en situacions similars. Aquestes mesures estan dissenyades per a ajudar els joves a trencar el cicle de la pobresa mentre es promou el desenvolupament de compet\u00e8ncies.<\/p>\n<h3>Mentoria socioeducativa<\/h3>\n<p>La mentoria exerceix un paper crucial en el programa Zing, ja que facilita la creaci\u00f3 de vincles amb els joves, no sols amb el mentor, sin\u00f3 tamb\u00e9 amb l&#8217;equip encarregat de supervisar les relacions. Aix\u00f2 assegura la qualitat de les interaccions, fomentant la cohesi\u00f3 social, el desenvolupament competencial i el benestar emocional mitjan\u00e7ant trobades individuals i activitats culturals grupals.<\/p>\n<p>En conclusi\u00f3, \u00e9s fonamental destacar la cerca de rigorositat del projecte mitjan\u00e7ant la creaci\u00f3 d&#8217;instruments avaluatius per a mesurar l&#8217;impacte real d&#8217;aquestes relacions. Aix\u00f2 permet extraure conclusions qualitatives d&#8217;aquesta metodologia amb m\u00faltiples possibilitats.<\/p>\n<p>&nbsp;<\/p>\n<div class=\"uncode_text_column\">\n<p><a href=\"https:\/\/www.nouscims.com\/wp-content\/uploads\/2023\/11\/Articulo_-El-desarrollo-competencial-a-traves-de-los-programas-de-mentoria-Alba.pdf\" target=\"_blank\" rel=\"noopener\"><strong>Llegeix l&#8217;article complet<\/strong><\/a><\/p>\n<p>&nbsp;<\/p>\n<\/div>\n<p>&nbsp;<\/p>\n<ul>\n<li>Echeverr\u00eda, B., Isus, S., Mart\u00ednez, M.P. y Sarasola, L. (2008). Orientaci\u00f3n profesional. Barcelona: UOC.<\/li>\n<li>Linares, E. T., Vilari\u00f1o, C. S., &amp; Villas, M. A. (2002). El modelo ecol\u00f3gico de Bronfrenbrenner como marco te\u00f3rico de la Psicooncolog\u00eda. anales de psicolog\u00eda, 18.<\/li>\n<li>LOMLOE. Ley Org\u00e1nica 3\/2020, de 29 de diciembre. (2020). FlippingBook. Recuperado 29 de abril de 2023, de https:\/\/documentos.anpe.es\/ANPE_LOMLOE\/<\/li>\n<\/ul>\n<p>[\/vc_column_text][\/vc_column][\/vc_row]<\/p>\n<\/div>","protected":false},"excerpt":{"rendered":"<p>Alba L\u00f3pez, T\u00e8cnica ZING Mentoria, \u00c0rea d&#8217;Ocupabilitat La q\u00fcesti\u00f3 de les compet\u00e8ncies \u00e9s actualment un tema destacat tant [&hellip;]<\/p>\n","protected":false},"author":2,"featured_media":4264,"comment_status":"open","ping_status":"open","sticky":false,"template":"","format":"standard","meta":{"footnotes":""},"categories":[2],"tags":[178,88,22,24,179,89,175,176,177,19,20,55],"class_list":["post-4256","post","type-post","status-publish","format-standard","has-post-thumbnail","hentry","category-sense-categoria","tag-estudiar-ca","tag-formacio","tag-joves","tag-mentoria-ca","tag-oportunitats","tag-programa-zing-ca","tag-wearezing-ca","tag-welcome-ca","tag-welcome-zing-ca","tag-zing-ca","tag-zing-programme-ca","tag-zingers-ca"],"yoast_head":"<!-- This site is optimized with the Yoast SEO plugin v27.4 - https:\/\/yoast.com\/product\/yoast-seo-wordpress\/ -->\n<title>L&#039;experi\u00e8ncia del Programa de Mentoria ZING en l&#039;adquisici\u00f3 de compet\u00e8ncies educatives i laborals - Zing Programme<\/title>\n<meta name=\"description\" content=\"La q\u00fcesti\u00f3 de les compet\u00e8ncies \u00e9s actualment un tema destacat tant en l&#039;\u00e0mbit educatiu com en l&#039;empresarial.\" \/>\n<meta name=\"robots\" content=\"index, follow, max-snippet:-1, max-image-preview:large, max-video-preview:-1\" \/>\n<link rel=\"canonical\" href=\"https:\/\/www.zingprogramme.com\/ca\/2023\/11\/29\/lexperiencia-del-programa-de-mentoria-zing-en-ladquisicio-de-competencies-educatives-i-laborals\/\" \/>\n<meta property=\"og:locale\" content=\"ca_ES\" \/>\n<meta property=\"og:type\" content=\"article\" \/>\n<meta property=\"og:title\" content=\"L&#039;experi\u00e8ncia del Programa de Mentoria ZING en l&#039;adquisici\u00f3 de compet\u00e8ncies educatives i laborals - Zing Programme\" \/>\n<meta property=\"og:description\" content=\"La q\u00fcesti\u00f3 de les compet\u00e8ncies \u00e9s actualment un tema destacat tant en l&#039;\u00e0mbit educatiu com en l&#039;empresarial.\" \/>\n<meta property=\"og:url\" content=\"https:\/\/www.zingprogramme.com\/ca\/2023\/11\/29\/lexperiencia-del-programa-de-mentoria-zing-en-ladquisicio-de-competencies-educatives-i-laborals\/\" \/>\n<meta property=\"og:site_name\" content=\"Zing Programme\" \/>\n<meta property=\"article:published_time\" content=\"2023-11-29T09:09:29+00:00\" \/>\n<meta property=\"og:image\" content=\"https:\/\/www.zingprogramme.com\/wp-content\/uploads\/sites\/2\/2023\/11\/P1254475.jpg\" \/>\n\t<meta property=\"og:image:width\" content=\"2048\" \/>\n\t<meta property=\"og:image:height\" content=\"1537\" \/>\n\t<meta property=\"og:image:type\" content=\"image\/jpeg\" \/>\n<meta name=\"author\" content=\"Nous Cims\" \/>\n<meta name=\"twitter:card\" content=\"summary_large_image\" \/>\n<meta name=\"twitter:label1\" content=\"Escrit per\" \/>\n\t<meta name=\"twitter:data1\" content=\"Nous Cims\" \/>\n\t<meta name=\"twitter:label2\" content=\"Temps estimat de lectura\" \/>\n\t<meta name=\"twitter:data2\" content=\"3 minuts\" \/>\n<script type=\"application\/ld+json\" class=\"yoast-schema-graph\">{\"@context\":\"https:\\\/\\\/schema.org\",\"@graph\":[{\"@type\":\"Article\",\"@id\":\"https:\\\/\\\/www.zingprogramme.com\\\/ca\\\/2023\\\/11\\\/29\\\/lexperiencia-del-programa-de-mentoria-zing-en-ladquisicio-de-competencies-educatives-i-laborals\\\/#article\",\"isPartOf\":{\"@id\":\"https:\\\/\\\/www.zingprogramme.com\\\/ca\\\/2023\\\/11\\\/29\\\/lexperiencia-del-programa-de-mentoria-zing-en-ladquisicio-de-competencies-educatives-i-laborals\\\/\"},\"author\":{\"name\":\"Nous Cims\",\"@id\":\"https:\\\/\\\/www.zingprogramme.com\\\/ca\\\/#\\\/schema\\\/person\\\/c49be7fd7667a36f1b39c1c5a2becf99\"},\"headline\":\"L&#8217;experi\u00e8ncia del Programa de Mentoria ZING en l&#8217;adquisici\u00f3 de compet\u00e8ncies educatives i laborals\",\"datePublished\":\"2023-11-29T09:09:29+00:00\",\"mainEntityOfPage\":{\"@id\":\"https:\\\/\\\/www.zingprogramme.com\\\/ca\\\/2023\\\/11\\\/29\\\/lexperiencia-del-programa-de-mentoria-zing-en-ladquisicio-de-competencies-educatives-i-laborals\\\/\"},\"wordCount\":641,\"commentCount\":0,\"image\":{\"@id\":\"https:\\\/\\\/www.zingprogramme.com\\\/ca\\\/2023\\\/11\\\/29\\\/lexperiencia-del-programa-de-mentoria-zing-en-ladquisicio-de-competencies-educatives-i-laborals\\\/#primaryimage\"},\"thumbnailUrl\":\"https:\\\/\\\/www.zingprogramme.com\\\/wp-content\\\/uploads\\\/sites\\\/2\\\/2023\\\/11\\\/P1254475.jpg\",\"keywords\":[\"estudiar\",\"Formaci\u00f3\",\"Joves\",\"Mentoria\",\"oportunitats\",\"Programa zing\",\"wearezing\",\"welcome\",\"welcome zing\",\"Zing\",\"Zing Programme\",\"Zingers\"],\"inLanguage\":\"ca\",\"potentialAction\":[{\"@type\":\"CommentAction\",\"name\":\"Comment\",\"target\":[\"https:\\\/\\\/www.zingprogramme.com\\\/ca\\\/2023\\\/11\\\/29\\\/lexperiencia-del-programa-de-mentoria-zing-en-ladquisicio-de-competencies-educatives-i-laborals\\\/#respond\"]}]},{\"@type\":\"WebPage\",\"@id\":\"https:\\\/\\\/www.zingprogramme.com\\\/ca\\\/2023\\\/11\\\/29\\\/lexperiencia-del-programa-de-mentoria-zing-en-ladquisicio-de-competencies-educatives-i-laborals\\\/\",\"url\":\"https:\\\/\\\/www.zingprogramme.com\\\/ca\\\/2023\\\/11\\\/29\\\/lexperiencia-del-programa-de-mentoria-zing-en-ladquisicio-de-competencies-educatives-i-laborals\\\/\",\"name\":\"L'experi\u00e8ncia del Programa de Mentoria ZING en l'adquisici\u00f3 de compet\u00e8ncies educatives i laborals - Zing Programme\",\"isPartOf\":{\"@id\":\"https:\\\/\\\/www.zingprogramme.com\\\/ca\\\/#website\"},\"primaryImageOfPage\":{\"@id\":\"https:\\\/\\\/www.zingprogramme.com\\\/ca\\\/2023\\\/11\\\/29\\\/lexperiencia-del-programa-de-mentoria-zing-en-ladquisicio-de-competencies-educatives-i-laborals\\\/#primaryimage\"},\"image\":{\"@id\":\"https:\\\/\\\/www.zingprogramme.com\\\/ca\\\/2023\\\/11\\\/29\\\/lexperiencia-del-programa-de-mentoria-zing-en-ladquisicio-de-competencies-educatives-i-laborals\\\/#primaryimage\"},\"thumbnailUrl\":\"https:\\\/\\\/www.zingprogramme.com\\\/wp-content\\\/uploads\\\/sites\\\/2\\\/2023\\\/11\\\/P1254475.jpg\",\"datePublished\":\"2023-11-29T09:09:29+00:00\",\"author\":{\"@id\":\"https:\\\/\\\/www.zingprogramme.com\\\/ca\\\/#\\\/schema\\\/person\\\/c49be7fd7667a36f1b39c1c5a2becf99\"},\"description\":\"La q\u00fcesti\u00f3 de les compet\u00e8ncies \u00e9s actualment un tema destacat tant en l'\u00e0mbit educatiu com en l'empresarial.\",\"breadcrumb\":{\"@id\":\"https:\\\/\\\/www.zingprogramme.com\\\/ca\\\/2023\\\/11\\\/29\\\/lexperiencia-del-programa-de-mentoria-zing-en-ladquisicio-de-competencies-educatives-i-laborals\\\/#breadcrumb\"},\"inLanguage\":\"ca\",\"potentialAction\":[{\"@type\":\"ReadAction\",\"target\":[\"https:\\\/\\\/www.zingprogramme.com\\\/ca\\\/2023\\\/11\\\/29\\\/lexperiencia-del-programa-de-mentoria-zing-en-ladquisicio-de-competencies-educatives-i-laborals\\\/\"]}]},{\"@type\":\"ImageObject\",\"inLanguage\":\"ca\",\"@id\":\"https:\\\/\\\/www.zingprogramme.com\\\/ca\\\/2023\\\/11\\\/29\\\/lexperiencia-del-programa-de-mentoria-zing-en-ladquisicio-de-competencies-educatives-i-laborals\\\/#primaryimage\",\"url\":\"https:\\\/\\\/www.zingprogramme.com\\\/wp-content\\\/uploads\\\/sites\\\/2\\\/2023\\\/11\\\/P1254475.jpg\",\"contentUrl\":\"https:\\\/\\\/www.zingprogramme.com\\\/wp-content\\\/uploads\\\/sites\\\/2\\\/2023\\\/11\\\/P1254475.jpg\",\"width\":2048,\"height\":1537},{\"@type\":\"BreadcrumbList\",\"@id\":\"https:\\\/\\\/www.zingprogramme.com\\\/ca\\\/2023\\\/11\\\/29\\\/lexperiencia-del-programa-de-mentoria-zing-en-ladquisicio-de-competencies-educatives-i-laborals\\\/#breadcrumb\",\"itemListElement\":[{\"@type\":\"ListItem\",\"position\":1,\"name\":\"Portada\",\"item\":\"https:\\\/\\\/www.zingprogramme.com\\\/ca\\\/\"},{\"@type\":\"ListItem\",\"position\":2,\"name\":\"L&#8217;experi\u00e8ncia del Programa de Mentoria ZING en l&#8217;adquisici\u00f3 de compet\u00e8ncies educatives i laborals\"}]},{\"@type\":\"WebSite\",\"@id\":\"https:\\\/\\\/www.zingprogramme.com\\\/ca\\\/#website\",\"url\":\"https:\\\/\\\/www.zingprogramme.com\\\/ca\\\/\",\"name\":\"Zing Programme\",\"description\":\"Nuestro objetivo: conseguir una inserci\u00f3n laboral de calidad de los j\u00f3venes\",\"potentialAction\":[{\"@type\":\"SearchAction\",\"target\":{\"@type\":\"EntryPoint\",\"urlTemplate\":\"https:\\\/\\\/www.zingprogramme.com\\\/ca\\\/?s={search_term_string}\"},\"query-input\":{\"@type\":\"PropertyValueSpecification\",\"valueRequired\":true,\"valueName\":\"search_term_string\"}}],\"inLanguage\":\"ca\"},{\"@type\":\"Person\",\"@id\":\"https:\\\/\\\/www.zingprogramme.com\\\/ca\\\/#\\\/schema\\\/person\\\/c49be7fd7667a36f1b39c1c5a2becf99\",\"name\":\"Nous Cims\",\"image\":{\"@type\":\"ImageObject\",\"inLanguage\":\"ca\",\"@id\":\"https:\\\/\\\/secure.gravatar.com\\\/avatar\\\/1dd42f1cafb4dfa67ddb690263b49eb6dd0b847386b5e1ee729643a318a2de73?s=96&d=mm&r=g\",\"url\":\"https:\\\/\\\/secure.gravatar.com\\\/avatar\\\/1dd42f1cafb4dfa67ddb690263b49eb6dd0b847386b5e1ee729643a318a2de73?s=96&d=mm&r=g\",\"contentUrl\":\"https:\\\/\\\/secure.gravatar.com\\\/avatar\\\/1dd42f1cafb4dfa67ddb690263b49eb6dd0b847386b5e1ee729643a318a2de73?s=96&d=mm&r=g\",\"caption\":\"Nous Cims\"},\"url\":\"https:\\\/\\\/www.zingprogramme.com\\\/ca\\\/author\\\/edelcampo\\\/\"}]}<\/script>\n<!-- \/ Yoast SEO plugin. -->","yoast_head_json":{"title":"L'experi\u00e8ncia del Programa de Mentoria ZING en l'adquisici\u00f3 de compet\u00e8ncies educatives i laborals - Zing Programme","description":"La q\u00fcesti\u00f3 de les compet\u00e8ncies \u00e9s actualment un tema destacat tant en l'\u00e0mbit educatiu com en l'empresarial.","robots":{"index":"index","follow":"follow","max-snippet":"max-snippet:-1","max-image-preview":"max-image-preview:large","max-video-preview":"max-video-preview:-1"},"canonical":"https:\/\/www.zingprogramme.com\/ca\/2023\/11\/29\/lexperiencia-del-programa-de-mentoria-zing-en-ladquisicio-de-competencies-educatives-i-laborals\/","og_locale":"ca_ES","og_type":"article","og_title":"L'experi\u00e8ncia del Programa de Mentoria ZING en l'adquisici\u00f3 de compet\u00e8ncies educatives i laborals - Zing Programme","og_description":"La q\u00fcesti\u00f3 de les compet\u00e8ncies \u00e9s actualment un tema destacat tant en l'\u00e0mbit educatiu com en l'empresarial.","og_url":"https:\/\/www.zingprogramme.com\/ca\/2023\/11\/29\/lexperiencia-del-programa-de-mentoria-zing-en-ladquisicio-de-competencies-educatives-i-laborals\/","og_site_name":"Zing Programme","article_published_time":"2023-11-29T09:09:29+00:00","og_image":[{"width":2048,"height":1537,"url":"https:\/\/www.zingprogramme.com\/wp-content\/uploads\/sites\/2\/2023\/11\/P1254475.jpg","type":"image\/jpeg"}],"author":"Nous Cims","twitter_card":"summary_large_image","twitter_misc":{"Escrit per":"Nous Cims","Temps estimat de lectura":"3 minuts"},"schema":{"@context":"https:\/\/schema.org","@graph":[{"@type":"Article","@id":"https:\/\/www.zingprogramme.com\/ca\/2023\/11\/29\/lexperiencia-del-programa-de-mentoria-zing-en-ladquisicio-de-competencies-educatives-i-laborals\/#article","isPartOf":{"@id":"https:\/\/www.zingprogramme.com\/ca\/2023\/11\/29\/lexperiencia-del-programa-de-mentoria-zing-en-ladquisicio-de-competencies-educatives-i-laborals\/"},"author":{"name":"Nous Cims","@id":"https:\/\/www.zingprogramme.com\/ca\/#\/schema\/person\/c49be7fd7667a36f1b39c1c5a2becf99"},"headline":"L&#8217;experi\u00e8ncia del Programa de Mentoria ZING en l&#8217;adquisici\u00f3 de compet\u00e8ncies educatives i laborals","datePublished":"2023-11-29T09:09:29+00:00","mainEntityOfPage":{"@id":"https:\/\/www.zingprogramme.com\/ca\/2023\/11\/29\/lexperiencia-del-programa-de-mentoria-zing-en-ladquisicio-de-competencies-educatives-i-laborals\/"},"wordCount":641,"commentCount":0,"image":{"@id":"https:\/\/www.zingprogramme.com\/ca\/2023\/11\/29\/lexperiencia-del-programa-de-mentoria-zing-en-ladquisicio-de-competencies-educatives-i-laborals\/#primaryimage"},"thumbnailUrl":"https:\/\/www.zingprogramme.com\/wp-content\/uploads\/sites\/2\/2023\/11\/P1254475.jpg","keywords":["estudiar","Formaci\u00f3","Joves","Mentoria","oportunitats","Programa zing","wearezing","welcome","welcome zing","Zing","Zing Programme","Zingers"],"inLanguage":"ca","potentialAction":[{"@type":"CommentAction","name":"Comment","target":["https:\/\/www.zingprogramme.com\/ca\/2023\/11\/29\/lexperiencia-del-programa-de-mentoria-zing-en-ladquisicio-de-competencies-educatives-i-laborals\/#respond"]}]},{"@type":"WebPage","@id":"https:\/\/www.zingprogramme.com\/ca\/2023\/11\/29\/lexperiencia-del-programa-de-mentoria-zing-en-ladquisicio-de-competencies-educatives-i-laborals\/","url":"https:\/\/www.zingprogramme.com\/ca\/2023\/11\/29\/lexperiencia-del-programa-de-mentoria-zing-en-ladquisicio-de-competencies-educatives-i-laborals\/","name":"L'experi\u00e8ncia del Programa de Mentoria ZING en l'adquisici\u00f3 de compet\u00e8ncies educatives i laborals - Zing Programme","isPartOf":{"@id":"https:\/\/www.zingprogramme.com\/ca\/#website"},"primaryImageOfPage":{"@id":"https:\/\/www.zingprogramme.com\/ca\/2023\/11\/29\/lexperiencia-del-programa-de-mentoria-zing-en-ladquisicio-de-competencies-educatives-i-laborals\/#primaryimage"},"image":{"@id":"https:\/\/www.zingprogramme.com\/ca\/2023\/11\/29\/lexperiencia-del-programa-de-mentoria-zing-en-ladquisicio-de-competencies-educatives-i-laborals\/#primaryimage"},"thumbnailUrl":"https:\/\/www.zingprogramme.com\/wp-content\/uploads\/sites\/2\/2023\/11\/P1254475.jpg","datePublished":"2023-11-29T09:09:29+00:00","author":{"@id":"https:\/\/www.zingprogramme.com\/ca\/#\/schema\/person\/c49be7fd7667a36f1b39c1c5a2becf99"},"description":"La q\u00fcesti\u00f3 de les compet\u00e8ncies \u00e9s actualment un tema destacat tant en l'\u00e0mbit educatiu com en l'empresarial.","breadcrumb":{"@id":"https:\/\/www.zingprogramme.com\/ca\/2023\/11\/29\/lexperiencia-del-programa-de-mentoria-zing-en-ladquisicio-de-competencies-educatives-i-laborals\/#breadcrumb"},"inLanguage":"ca","potentialAction":[{"@type":"ReadAction","target":["https:\/\/www.zingprogramme.com\/ca\/2023\/11\/29\/lexperiencia-del-programa-de-mentoria-zing-en-ladquisicio-de-competencies-educatives-i-laborals\/"]}]},{"@type":"ImageObject","inLanguage":"ca","@id":"https:\/\/www.zingprogramme.com\/ca\/2023\/11\/29\/lexperiencia-del-programa-de-mentoria-zing-en-ladquisicio-de-competencies-educatives-i-laborals\/#primaryimage","url":"https:\/\/www.zingprogramme.com\/wp-content\/uploads\/sites\/2\/2023\/11\/P1254475.jpg","contentUrl":"https:\/\/www.zingprogramme.com\/wp-content\/uploads\/sites\/2\/2023\/11\/P1254475.jpg","width":2048,"height":1537},{"@type":"BreadcrumbList","@id":"https:\/\/www.zingprogramme.com\/ca\/2023\/11\/29\/lexperiencia-del-programa-de-mentoria-zing-en-ladquisicio-de-competencies-educatives-i-laborals\/#breadcrumb","itemListElement":[{"@type":"ListItem","position":1,"name":"Portada","item":"https:\/\/www.zingprogramme.com\/ca\/"},{"@type":"ListItem","position":2,"name":"L&#8217;experi\u00e8ncia del Programa de Mentoria ZING en l&#8217;adquisici\u00f3 de compet\u00e8ncies educatives i laborals"}]},{"@type":"WebSite","@id":"https:\/\/www.zingprogramme.com\/ca\/#website","url":"https:\/\/www.zingprogramme.com\/ca\/","name":"Zing Programme","description":"Nuestro objetivo: conseguir una inserci\u00f3n laboral de calidad de los j\u00f3venes","potentialAction":[{"@type":"SearchAction","target":{"@type":"EntryPoint","urlTemplate":"https:\/\/www.zingprogramme.com\/ca\/?s={search_term_string}"},"query-input":{"@type":"PropertyValueSpecification","valueRequired":true,"valueName":"search_term_string"}}],"inLanguage":"ca"},{"@type":"Person","@id":"https:\/\/www.zingprogramme.com\/ca\/#\/schema\/person\/c49be7fd7667a36f1b39c1c5a2becf99","name":"Nous Cims","image":{"@type":"ImageObject","inLanguage":"ca","@id":"https:\/\/secure.gravatar.com\/avatar\/1dd42f1cafb4dfa67ddb690263b49eb6dd0b847386b5e1ee729643a318a2de73?s=96&d=mm&r=g","url":"https:\/\/secure.gravatar.com\/avatar\/1dd42f1cafb4dfa67ddb690263b49eb6dd0b847386b5e1ee729643a318a2de73?s=96&d=mm&r=g","contentUrl":"https:\/\/secure.gravatar.com\/avatar\/1dd42f1cafb4dfa67ddb690263b49eb6dd0b847386b5e1ee729643a318a2de73?s=96&d=mm&r=g","caption":"Nous Cims"},"url":"https:\/\/www.zingprogramme.com\/ca\/author\/edelcampo\/"}]}},"_links":{"self":[{"href":"https:\/\/www.zingprogramme.com\/ca\/wp-json\/wp\/v2\/posts\/4256","targetHints":{"allow":["GET"]}}],"collection":[{"href":"https:\/\/www.zingprogramme.com\/ca\/wp-json\/wp\/v2\/posts"}],"about":[{"href":"https:\/\/www.zingprogramme.com\/ca\/wp-json\/wp\/v2\/types\/post"}],"author":[{"embeddable":true,"href":"https:\/\/www.zingprogramme.com\/ca\/wp-json\/wp\/v2\/users\/2"}],"replies":[{"embeddable":true,"href":"https:\/\/www.zingprogramme.com\/ca\/wp-json\/wp\/v2\/comments?post=4256"}],"version-history":[{"count":5,"href":"https:\/\/www.zingprogramme.com\/ca\/wp-json\/wp\/v2\/posts\/4256\/revisions"}],"predecessor-version":[{"id":4268,"href":"https:\/\/www.zingprogramme.com\/ca\/wp-json\/wp\/v2\/posts\/4256\/revisions\/4268"}],"wp:featuredmedia":[{"embeddable":true,"href":"https:\/\/www.zingprogramme.com\/ca\/wp-json\/wp\/v2\/media\/4264"}],"wp:attachment":[{"href":"https:\/\/www.zingprogramme.com\/ca\/wp-json\/wp\/v2\/media?parent=4256"}],"wp:term":[{"taxonomy":"category","embeddable":true,"href":"https:\/\/www.zingprogramme.com\/ca\/wp-json\/wp\/v2\/categories?post=4256"},{"taxonomy":"post_tag","embeddable":true,"href":"https:\/\/www.zingprogramme.com\/ca\/wp-json\/wp\/v2\/tags?post=4256"}],"curies":[{"name":"wp","href":"https:\/\/api.w.org\/{rel}","templated":true}]}}