{"id":3485,"date":"2021-09-28T07:14:21","date_gmt":"2021-09-28T07:14:21","guid":{"rendered":"https:\/\/www.zingprogramme.com\/2021\/09\/28\/nous-tallers-vocacionals-per-a-joves-dentitats-socials\/"},"modified":"2021-09-28T07:14:22","modified_gmt":"2021-09-28T07:14:22","slug":"nous-tallers-vocacionals-per-a-joves-dentitats-socials","status":"publish","type":"post","link":"https:\/\/www.zingprogramme.com\/ca\/2021\/09\/28\/nous-tallers-vocacionals-per-a-joves-dentitats-socials\/","title":{"rendered":"Nous tallers vocacionals per a joves d&#8217;entitats socials"},"content":{"rendered":"<div class=\"wpb-content-wrapper\"><p>[vc_row][vc_column width=&#8221;1\/1&#8243;][vc_column_text]<strong><a href=\"https:\/\/www.zingprogramme.com\/\">ZING Programme<\/a> <\/strong>torna a posar en marxa &#8220;Descobreix el teu cim&#8221;, un projecte adre\u00e7at a joves d&#8217;entitats socials que es troben en situaci\u00f3 de vulnerabilitat i que estan desorientats\/des, per\u00f2 amb ganes de crear-se un futur millor.<\/p>\n<p>L&#8217;objectiu del projecte \u00e9s ajudar a aquests joves a trobar la seva vocaci\u00f3 i motivar-los a activar un itinerari formatiu i laboral.[\/vc_column_text][\/vc_column][\/vc_row][vc_row][vc_column width=&#8221;2\/3&#8243;][vc_column_text]<\/p>\n<h4><u>EN QU\u00c8 CONSISTEIX L&#8217;EXPEDICI\u00d3 &#8220;DESCOBREIX EL TEU CIM&#8221;?<\/u><\/h4>\n<p>La metodologia, <a href=\"https:\/\/www.educaweb.com\/noticia\/2020\/12\/04\/entrevista-ganador-premio-educaweb-2020-categoria-instituciones-19399\/\">Premi Educaweb d&#8217;Orientaci\u00f3 Acad\u00c8mica 2020<\/a>, \u00e9s una expedici\u00f3 dividida en <strong>5 tallers vocacionals, anomenats &#8220;camps&#8221;<\/strong>. Durant els 5 &#8220;camps&#8221;, els joves treballen l&#8217;autoconoeixement, el treball en equip, diferents softskills i l&#8217;orientaci\u00f3 acad\u00e8mico-laboral (qui s\u00f3n, qu\u00e8 els motiva, en qu\u00e8 s\u00f3n bons, cap a on els hi agradaria anar, com poden arribar&#8230;). Un cop finalitzada l&#8217;expedici\u00f3, els i les joves crean un <strong>itinerari formatiu i professional<\/strong>.<\/p>\n<p><strong>El 90% dels i les joves<\/strong> que participen en els tallers vocacionals de ZING tornen al sistema educatiu o aconsegueixen una inserci\u00f3 laboral.[\/vc_column_text][vc_column_text]<\/p>\n<h4><u>NOVA CONVOCAT\u00d2RIA DE TALLERS VOCACIONALS PER A JOVES<\/u><\/h4>\n<p><a href=\"https:\/\/www.zingprogramme.com\/ca\/zing-vocacio\/\">ZING Vocaci\u00f3 <\/a>ha obert la primera convocat\u00f2ria de tallers vocacionals per a aquest curs 2021-22.<\/p>\n<p>&#8220;Descobreix el teu cim&#8221; est\u00e0 dirigit a <strong>joves d&#8217;entre 16 i 30 anys vinculats a una entitat social<\/strong>. A cada expedici\u00f3 hi participen entre 8 i 12 joves. Els tallers tenen lloc a la seu de l&#8217;entitat sol\u00b7licitant de forma setmanal amb una durada de 3 o 4 hores. Cada sessi\u00f3 est\u00e0 dinamitzada per un\/a xerpa, professionals vinculats a ZING Programme.<\/p>\n<p>Aquesta primera convocat\u00f2ria es realitzar\u00e0 entre els mesos d&#8217;<strong>octubre<\/strong> i <strong>desembre<\/strong>.[\/vc_column_text][vc_column_text]<\/p>\n<h4><u>ORGANITZA &#8220;DESCOBREIX EL TEU CIM A LA TEVA ENTIDAD&#8221;<\/u><\/h4>\n<p>Si voleu organitzar una expedici\u00f3 vocacional a la teva entitat social, escriu-nos un correu electr\u00f2nic a <strong><u>maria.rosal@zingprogramme.com<\/u><\/strong> i ens posarem en contacte amb vosaltres.<\/p>\n<p>Les inscripcions finalitzen el proper 6 d&#8217;octubre.<\/p>\n<p>Per a m\u00e9s informaci\u00f3 descarrega el programa en aquest <span style=\"color: #bf0f0f\"><em><strong><a style=\"color: #bf0f0f\" href=\"https:\/\/www.zingprogramme.com\/wp-content\/uploads\/sites\/2\/2021\/09\/Programa-DESCOBREIX-EL-TEU-CIM.pdf\">enlla\u00e7<\/a><\/strong><\/em><\/span>.[\/vc_column_text][\/vc_column][vc_column width=&#8221;1\/3&#8243;][vc_single_image media=&#8221;3472&#8243; media_width_percent=&#8221;100&#8243;][\/vc_column][\/vc_row]<\/p>\n<\/div>","protected":false},"excerpt":{"rendered":"<p>ZING Programme torna a posar en marxa &#8220;Descobreix el teu cim&#8221;, un projecte adre\u00e7at a joves d&#8217;entitats socials que [&hellip;]<\/p>\n","protected":false},"author":2,"featured_media":3470,"comment_status":"open","ping_status":"open","sticky":false,"template":"","format":"standard","meta":{"footnotes":""},"categories":[1],"tags":[88,22,168,115,102,101,169,99,19,20,97],"class_list":["post-3485","post","type-post","status-publish","format-standard","has-post-thumbnail","hentry","category-sin-categorizar","tag-formacio","tag-joves","tag-orientacio-academica","tag-orientacio-joves","tag-orientacio-vocacional","tag-tallers-vocacionals","tag-tallers-vocacionals-ca","tag-vocacio","tag-zing-ca","tag-zing-programme-ca","tag-zing-vocacio"],"yoast_head":"<!-- This site is optimized with the Yoast SEO plugin v27.4 - https:\/\/yoast.com\/product\/yoast-seo-wordpress\/ -->\n<title>Tallers vocacionals per a joves en situaci\u00f3 de vulnerabilitat<\/title>\n<meta name=\"description\" content=\"ZING Programme posa en marxa \u00abDescobreix el teu cim\u00bb, un projecte de tallers vocacionals per a joves desorientats per\u00f2 amb ganes de crear-se un futur millor.\" \/>\n<meta name=\"robots\" content=\"index, follow, max-snippet:-1, max-image-preview:large, max-video-preview:-1\" \/>\n<link rel=\"canonical\" href=\"https:\/\/www.zingprogramme.com\/ca\/2021\/09\/28\/nous-tallers-vocacionals-per-a-joves-dentitats-socials\/\" \/>\n<meta property=\"og:locale\" content=\"ca_ES\" \/>\n<meta property=\"og:type\" content=\"article\" \/>\n<meta property=\"og:title\" content=\"Tallers vocacionals per a joves en situaci\u00f3 de vulnerabilitat\" \/>\n<meta property=\"og:description\" content=\"ZING Programme posa en marxa \u00abDescobreix el teu cim\u00bb, un projecte de tallers vocacionals per a joves desorientats per\u00f2 amb ganes de crear-se un futur millor.\" \/>\n<meta property=\"og:url\" content=\"https:\/\/www.zingprogramme.com\/ca\/2021\/09\/28\/nous-tallers-vocacionals-per-a-joves-dentitats-socials\/\" \/>\n<meta property=\"og:site_name\" content=\"Zing Programme\" \/>\n<meta property=\"article:published_time\" content=\"2021-09-28T07:14:21+00:00\" \/>\n<meta property=\"article:modified_time\" content=\"2021-09-28T07:14:22+00:00\" \/>\n<meta property=\"og:image\" content=\"https:\/\/www.zingprogramme.com\/wp-content\/uploads\/sites\/2\/2021\/09\/vocacion-1.jpg\" \/>\n\t<meta property=\"og:image:width\" content=\"2240\" \/>\n\t<meta property=\"og:image:height\" content=\"1260\" \/>\n\t<meta property=\"og:image:type\" content=\"image\/jpeg\" \/>\n<meta name=\"author\" content=\"Nous Cims\" \/>\n<meta name=\"twitter:card\" content=\"summary_large_image\" \/>\n<meta name=\"twitter:label1\" content=\"Escrit per\" \/>\n\t<meta name=\"twitter:data1\" content=\"Nous Cims\" \/>\n\t<meta name=\"twitter:label2\" content=\"Temps estimat de lectura\" \/>\n\t<meta name=\"twitter:data2\" content=\"2 minuts\" \/>\n<script type=\"application\/ld+json\" class=\"yoast-schema-graph\">{\"@context\":\"https:\\\/\\\/schema.org\",\"@graph\":[{\"@type\":\"Article\",\"@id\":\"https:\\\/\\\/www.zingprogramme.com\\\/ca\\\/2021\\\/09\\\/28\\\/nous-tallers-vocacionals-per-a-joves-dentitats-socials\\\/#article\",\"isPartOf\":{\"@id\":\"https:\\\/\\\/www.zingprogramme.com\\\/ca\\\/2021\\\/09\\\/28\\\/nous-tallers-vocacionals-per-a-joves-dentitats-socials\\\/\"},\"author\":{\"name\":\"Nous Cims\",\"@id\":\"https:\\\/\\\/www.zingprogramme.com\\\/ca\\\/#\\\/schema\\\/person\\\/c49be7fd7667a36f1b39c1c5a2becf99\"},\"headline\":\"Nous tallers vocacionals per a joves d&#8217;entitats socials\",\"datePublished\":\"2021-09-28T07:14:21+00:00\",\"dateModified\":\"2021-09-28T07:14:22+00:00\",\"mainEntityOfPage\":{\"@id\":\"https:\\\/\\\/www.zingprogramme.com\\\/ca\\\/2021\\\/09\\\/28\\\/nous-tallers-vocacionals-per-a-joves-dentitats-socials\\\/\"},\"wordCount\":381,\"commentCount\":0,\"image\":{\"@id\":\"https:\\\/\\\/www.zingprogramme.com\\\/ca\\\/2021\\\/09\\\/28\\\/nous-tallers-vocacionals-per-a-joves-dentitats-socials\\\/#primaryimage\"},\"thumbnailUrl\":\"https:\\\/\\\/www.zingprogramme.com\\\/wp-content\\\/uploads\\\/sites\\\/2\\\/2021\\\/09\\\/vocacion-1.jpg\",\"keywords\":[\"Formaci\u00f3\",\"Joves\",\"Orientaci\u00f3 Acad\u00e8mica\",\"Orientaci\u00f3 joves\",\"Orientaci\u00f3 vocacional\",\"Tallers vocacionals\",\"tallers vocacionals\",\"Vocaci\u00f3\",\"Zing\",\"Zing Programme\",\"Zing Vocaci\u00f3\"],\"articleSection\":[\"Sin categorizar\"],\"inLanguage\":\"ca\",\"potentialAction\":[{\"@type\":\"CommentAction\",\"name\":\"Comment\",\"target\":[\"https:\\\/\\\/www.zingprogramme.com\\\/ca\\\/2021\\\/09\\\/28\\\/nous-tallers-vocacionals-per-a-joves-dentitats-socials\\\/#respond\"]}]},{\"@type\":\"WebPage\",\"@id\":\"https:\\\/\\\/www.zingprogramme.com\\\/ca\\\/2021\\\/09\\\/28\\\/nous-tallers-vocacionals-per-a-joves-dentitats-socials\\\/\",\"url\":\"https:\\\/\\\/www.zingprogramme.com\\\/ca\\\/2021\\\/09\\\/28\\\/nous-tallers-vocacionals-per-a-joves-dentitats-socials\\\/\",\"name\":\"Tallers vocacionals per a joves en situaci\u00f3 de vulnerabilitat\",\"isPartOf\":{\"@id\":\"https:\\\/\\\/www.zingprogramme.com\\\/ca\\\/#website\"},\"primaryImageOfPage\":{\"@id\":\"https:\\\/\\\/www.zingprogramme.com\\\/ca\\\/2021\\\/09\\\/28\\\/nous-tallers-vocacionals-per-a-joves-dentitats-socials\\\/#primaryimage\"},\"image\":{\"@id\":\"https:\\\/\\\/www.zingprogramme.com\\\/ca\\\/2021\\\/09\\\/28\\\/nous-tallers-vocacionals-per-a-joves-dentitats-socials\\\/#primaryimage\"},\"thumbnailUrl\":\"https:\\\/\\\/www.zingprogramme.com\\\/wp-content\\\/uploads\\\/sites\\\/2\\\/2021\\\/09\\\/vocacion-1.jpg\",\"datePublished\":\"2021-09-28T07:14:21+00:00\",\"dateModified\":\"2021-09-28T07:14:22+00:00\",\"author\":{\"@id\":\"https:\\\/\\\/www.zingprogramme.com\\\/ca\\\/#\\\/schema\\\/person\\\/c49be7fd7667a36f1b39c1c5a2becf99\"},\"description\":\"ZING Programme posa en marxa \u00abDescobreix el teu cim\u00bb, un projecte de tallers vocacionals per a joves desorientats per\u00f2 amb ganes de crear-se un futur millor.\",\"breadcrumb\":{\"@id\":\"https:\\\/\\\/www.zingprogramme.com\\\/ca\\\/2021\\\/09\\\/28\\\/nous-tallers-vocacionals-per-a-joves-dentitats-socials\\\/#breadcrumb\"},\"inLanguage\":\"ca\",\"potentialAction\":[{\"@type\":\"ReadAction\",\"target\":[\"https:\\\/\\\/www.zingprogramme.com\\\/ca\\\/2021\\\/09\\\/28\\\/nous-tallers-vocacionals-per-a-joves-dentitats-socials\\\/\"]}]},{\"@type\":\"ImageObject\",\"inLanguage\":\"ca\",\"@id\":\"https:\\\/\\\/www.zingprogramme.com\\\/ca\\\/2021\\\/09\\\/28\\\/nous-tallers-vocacionals-per-a-joves-dentitats-socials\\\/#primaryimage\",\"url\":\"https:\\\/\\\/www.zingprogramme.com\\\/wp-content\\\/uploads\\\/sites\\\/2\\\/2021\\\/09\\\/vocacion-1.jpg\",\"contentUrl\":\"https:\\\/\\\/www.zingprogramme.com\\\/wp-content\\\/uploads\\\/sites\\\/2\\\/2021\\\/09\\\/vocacion-1.jpg\",\"width\":2240,\"height\":1260},{\"@type\":\"BreadcrumbList\",\"@id\":\"https:\\\/\\\/www.zingprogramme.com\\\/ca\\\/2021\\\/09\\\/28\\\/nous-tallers-vocacionals-per-a-joves-dentitats-socials\\\/#breadcrumb\",\"itemListElement\":[{\"@type\":\"ListItem\",\"position\":1,\"name\":\"Portada\",\"item\":\"https:\\\/\\\/www.zingprogramme.com\\\/ca\\\/\"},{\"@type\":\"ListItem\",\"position\":2,\"name\":\"Nous tallers vocacionals per a joves d&#8217;entitats socials\"}]},{\"@type\":\"WebSite\",\"@id\":\"https:\\\/\\\/www.zingprogramme.com\\\/ca\\\/#website\",\"url\":\"https:\\\/\\\/www.zingprogramme.com\\\/ca\\\/\",\"name\":\"Zing Programme\",\"description\":\"Nuestro objetivo: conseguir una inserci\u00f3n laboral de calidad de los j\u00f3venes\",\"potentialAction\":[{\"@type\":\"SearchAction\",\"target\":{\"@type\":\"EntryPoint\",\"urlTemplate\":\"https:\\\/\\\/www.zingprogramme.com\\\/ca\\\/?s={search_term_string}\"},\"query-input\":{\"@type\":\"PropertyValueSpecification\",\"valueRequired\":true,\"valueName\":\"search_term_string\"}}],\"inLanguage\":\"ca\"},{\"@type\":\"Person\",\"@id\":\"https:\\\/\\\/www.zingprogramme.com\\\/ca\\\/#\\\/schema\\\/person\\\/c49be7fd7667a36f1b39c1c5a2becf99\",\"name\":\"Nous Cims\",\"image\":{\"@type\":\"ImageObject\",\"inLanguage\":\"ca\",\"@id\":\"https:\\\/\\\/secure.gravatar.com\\\/avatar\\\/1dd42f1cafb4dfa67ddb690263b49eb6dd0b847386b5e1ee729643a318a2de73?s=96&d=mm&r=g\",\"url\":\"https:\\\/\\\/secure.gravatar.com\\\/avatar\\\/1dd42f1cafb4dfa67ddb690263b49eb6dd0b847386b5e1ee729643a318a2de73?s=96&d=mm&r=g\",\"contentUrl\":\"https:\\\/\\\/secure.gravatar.com\\\/avatar\\\/1dd42f1cafb4dfa67ddb690263b49eb6dd0b847386b5e1ee729643a318a2de73?s=96&d=mm&r=g\",\"caption\":\"Nous Cims\"},\"url\":\"https:\\\/\\\/www.zingprogramme.com\\\/ca\\\/author\\\/edelcampo\\\/\"}]}<\/script>\n<!-- \/ Yoast SEO plugin. -->","yoast_head_json":{"title":"Tallers vocacionals per a joves en situaci\u00f3 de vulnerabilitat","description":"ZING Programme posa en marxa \u00abDescobreix el teu cim\u00bb, un projecte de tallers vocacionals per a joves desorientats per\u00f2 amb ganes de crear-se un futur millor.","robots":{"index":"index","follow":"follow","max-snippet":"max-snippet:-1","max-image-preview":"max-image-preview:large","max-video-preview":"max-video-preview:-1"},"canonical":"https:\/\/www.zingprogramme.com\/ca\/2021\/09\/28\/nous-tallers-vocacionals-per-a-joves-dentitats-socials\/","og_locale":"ca_ES","og_type":"article","og_title":"Tallers vocacionals per a joves en situaci\u00f3 de vulnerabilitat","og_description":"ZING Programme posa en marxa \u00abDescobreix el teu cim\u00bb, un projecte de tallers vocacionals per a joves desorientats per\u00f2 amb ganes de crear-se un futur millor.","og_url":"https:\/\/www.zingprogramme.com\/ca\/2021\/09\/28\/nous-tallers-vocacionals-per-a-joves-dentitats-socials\/","og_site_name":"Zing Programme","article_published_time":"2021-09-28T07:14:21+00:00","article_modified_time":"2021-09-28T07:14:22+00:00","og_image":[{"width":2240,"height":1260,"url":"https:\/\/www.zingprogramme.com\/wp-content\/uploads\/sites\/2\/2021\/09\/vocacion-1.jpg","type":"image\/jpeg"}],"author":"Nous Cims","twitter_card":"summary_large_image","twitter_misc":{"Escrit per":"Nous Cims","Temps estimat de lectura":"2 minuts"},"schema":{"@context":"https:\/\/schema.org","@graph":[{"@type":"Article","@id":"https:\/\/www.zingprogramme.com\/ca\/2021\/09\/28\/nous-tallers-vocacionals-per-a-joves-dentitats-socials\/#article","isPartOf":{"@id":"https:\/\/www.zingprogramme.com\/ca\/2021\/09\/28\/nous-tallers-vocacionals-per-a-joves-dentitats-socials\/"},"author":{"name":"Nous Cims","@id":"https:\/\/www.zingprogramme.com\/ca\/#\/schema\/person\/c49be7fd7667a36f1b39c1c5a2becf99"},"headline":"Nous tallers vocacionals per a joves d&#8217;entitats socials","datePublished":"2021-09-28T07:14:21+00:00","dateModified":"2021-09-28T07:14:22+00:00","mainEntityOfPage":{"@id":"https:\/\/www.zingprogramme.com\/ca\/2021\/09\/28\/nous-tallers-vocacionals-per-a-joves-dentitats-socials\/"},"wordCount":381,"commentCount":0,"image":{"@id":"https:\/\/www.zingprogramme.com\/ca\/2021\/09\/28\/nous-tallers-vocacionals-per-a-joves-dentitats-socials\/#primaryimage"},"thumbnailUrl":"https:\/\/www.zingprogramme.com\/wp-content\/uploads\/sites\/2\/2021\/09\/vocacion-1.jpg","keywords":["Formaci\u00f3","Joves","Orientaci\u00f3 Acad\u00e8mica","Orientaci\u00f3 joves","Orientaci\u00f3 vocacional","Tallers vocacionals","tallers vocacionals","Vocaci\u00f3","Zing","Zing Programme","Zing Vocaci\u00f3"],"articleSection":["Sin categorizar"],"inLanguage":"ca","potentialAction":[{"@type":"CommentAction","name":"Comment","target":["https:\/\/www.zingprogramme.com\/ca\/2021\/09\/28\/nous-tallers-vocacionals-per-a-joves-dentitats-socials\/#respond"]}]},{"@type":"WebPage","@id":"https:\/\/www.zingprogramme.com\/ca\/2021\/09\/28\/nous-tallers-vocacionals-per-a-joves-dentitats-socials\/","url":"https:\/\/www.zingprogramme.com\/ca\/2021\/09\/28\/nous-tallers-vocacionals-per-a-joves-dentitats-socials\/","name":"Tallers vocacionals per a joves en situaci\u00f3 de vulnerabilitat","isPartOf":{"@id":"https:\/\/www.zingprogramme.com\/ca\/#website"},"primaryImageOfPage":{"@id":"https:\/\/www.zingprogramme.com\/ca\/2021\/09\/28\/nous-tallers-vocacionals-per-a-joves-dentitats-socials\/#primaryimage"},"image":{"@id":"https:\/\/www.zingprogramme.com\/ca\/2021\/09\/28\/nous-tallers-vocacionals-per-a-joves-dentitats-socials\/#primaryimage"},"thumbnailUrl":"https:\/\/www.zingprogramme.com\/wp-content\/uploads\/sites\/2\/2021\/09\/vocacion-1.jpg","datePublished":"2021-09-28T07:14:21+00:00","dateModified":"2021-09-28T07:14:22+00:00","author":{"@id":"https:\/\/www.zingprogramme.com\/ca\/#\/schema\/person\/c49be7fd7667a36f1b39c1c5a2becf99"},"description":"ZING Programme posa en marxa \u00abDescobreix el teu cim\u00bb, un projecte de tallers vocacionals per a joves desorientats per\u00f2 amb ganes de crear-se un futur millor.","breadcrumb":{"@id":"https:\/\/www.zingprogramme.com\/ca\/2021\/09\/28\/nous-tallers-vocacionals-per-a-joves-dentitats-socials\/#breadcrumb"},"inLanguage":"ca","potentialAction":[{"@type":"ReadAction","target":["https:\/\/www.zingprogramme.com\/ca\/2021\/09\/28\/nous-tallers-vocacionals-per-a-joves-dentitats-socials\/"]}]},{"@type":"ImageObject","inLanguage":"ca","@id":"https:\/\/www.zingprogramme.com\/ca\/2021\/09\/28\/nous-tallers-vocacionals-per-a-joves-dentitats-socials\/#primaryimage","url":"https:\/\/www.zingprogramme.com\/wp-content\/uploads\/sites\/2\/2021\/09\/vocacion-1.jpg","contentUrl":"https:\/\/www.zingprogramme.com\/wp-content\/uploads\/sites\/2\/2021\/09\/vocacion-1.jpg","width":2240,"height":1260},{"@type":"BreadcrumbList","@id":"https:\/\/www.zingprogramme.com\/ca\/2021\/09\/28\/nous-tallers-vocacionals-per-a-joves-dentitats-socials\/#breadcrumb","itemListElement":[{"@type":"ListItem","position":1,"name":"Portada","item":"https:\/\/www.zingprogramme.com\/ca\/"},{"@type":"ListItem","position":2,"name":"Nous tallers vocacionals per a joves d&#8217;entitats socials"}]},{"@type":"WebSite","@id":"https:\/\/www.zingprogramme.com\/ca\/#website","url":"https:\/\/www.zingprogramme.com\/ca\/","name":"Zing Programme","description":"Nuestro objetivo: conseguir una inserci\u00f3n laboral de calidad de los j\u00f3venes","potentialAction":[{"@type":"SearchAction","target":{"@type":"EntryPoint","urlTemplate":"https:\/\/www.zingprogramme.com\/ca\/?s={search_term_string}"},"query-input":{"@type":"PropertyValueSpecification","valueRequired":true,"valueName":"search_term_string"}}],"inLanguage":"ca"},{"@type":"Person","@id":"https:\/\/www.zingprogramme.com\/ca\/#\/schema\/person\/c49be7fd7667a36f1b39c1c5a2becf99","name":"Nous Cims","image":{"@type":"ImageObject","inLanguage":"ca","@id":"https:\/\/secure.gravatar.com\/avatar\/1dd42f1cafb4dfa67ddb690263b49eb6dd0b847386b5e1ee729643a318a2de73?s=96&d=mm&r=g","url":"https:\/\/secure.gravatar.com\/avatar\/1dd42f1cafb4dfa67ddb690263b49eb6dd0b847386b5e1ee729643a318a2de73?s=96&d=mm&r=g","contentUrl":"https:\/\/secure.gravatar.com\/avatar\/1dd42f1cafb4dfa67ddb690263b49eb6dd0b847386b5e1ee729643a318a2de73?s=96&d=mm&r=g","caption":"Nous Cims"},"url":"https:\/\/www.zingprogramme.com\/ca\/author\/edelcampo\/"}]}},"_links":{"self":[{"href":"https:\/\/www.zingprogramme.com\/ca\/wp-json\/wp\/v2\/posts\/3485","targetHints":{"allow":["GET"]}}],"collection":[{"href":"https:\/\/www.zingprogramme.com\/ca\/wp-json\/wp\/v2\/posts"}],"about":[{"href":"https:\/\/www.zingprogramme.com\/ca\/wp-json\/wp\/v2\/types\/post"}],"author":[{"embeddable":true,"href":"https:\/\/www.zingprogramme.com\/ca\/wp-json\/wp\/v2\/users\/2"}],"replies":[{"embeddable":true,"href":"https:\/\/www.zingprogramme.com\/ca\/wp-json\/wp\/v2\/comments?post=3485"}],"version-history":[{"count":1,"href":"https:\/\/www.zingprogramme.com\/ca\/wp-json\/wp\/v2\/posts\/3485\/revisions"}],"predecessor-version":[{"id":3486,"href":"https:\/\/www.zingprogramme.com\/ca\/wp-json\/wp\/v2\/posts\/3485\/revisions\/3486"}],"wp:featuredmedia":[{"embeddable":true,"href":"https:\/\/www.zingprogramme.com\/ca\/wp-json\/wp\/v2\/media\/3470"}],"wp:attachment":[{"href":"https:\/\/www.zingprogramme.com\/ca\/wp-json\/wp\/v2\/media?parent=3485"}],"wp:term":[{"taxonomy":"category","embeddable":true,"href":"https:\/\/www.zingprogramme.com\/ca\/wp-json\/wp\/v2\/categories?post=3485"},{"taxonomy":"post_tag","embeddable":true,"href":"https:\/\/www.zingprogramme.com\/ca\/wp-json\/wp\/v2\/tags?post=3485"}],"curies":[{"name":"wp","href":"https:\/\/api.w.org\/{rel}","templated":true}]}}